{"id":16202,"date":"2024-03-11T19:10:49","date_gmt":"2024-03-11T18:10:49","guid":{"rendered":"https:\/\/warex.cz\/?p=16202"},"modified":"2024-03-11T19:10:51","modified_gmt":"2024-03-11T18:10:51","slug":"hintergrund-fuer-bmw","status":"publish","type":"post","link":"https:\/\/warex.cz\/de\/aktuality\/hintergrund-nachrichten\/hintergrund-fuer-bmw\/","title":{"rendered":"Hintergrund f\u00fcr BMW"},"content":{"rendered":"\n<p>Wir fertigten und lieferten die Wohnmodule f\u00fcr das gr\u00f6\u00dfte BMW-Testzentrum der Welt. In dem Testzentrum bei Sokolov sollen neue BMW-Technologien erprobt werden. Das Future Mobility Development Center (FMDC) in der Tschechischen Republik erstreckt sich \u00fcber eine Fl\u00e4che von 600 Hektar. Die von uns gelieferten Module werden als Einrichtungen f\u00fcr BMW-Mitarbeiter und Besucher dienen.<\/p>\n\n\n\n<div class=\"wp-block-columns is-layout-flex wp-container-core-columns-is-layout-9d6595d7 wp-block-columns-is-layout-flex\">\n<div class=\"wp-block-column is-layout-flow wp-block-column-is-layout-flow\">\n<figure class=\"wp-block-image size-large\"><img loading=\"lazy\" decoding=\"async\" width=\"1024\" height=\"576\" src=\"https:\/\/warex.cz\/app\/uploads\/2024\/03\/IMG-20231124-WA0019-1024x576.jpg\" alt=\"\" class=\"wp-image-16177\" srcset=\"https:\/\/warex.cz\/app\/uploads\/2024\/03\/IMG-20231124-WA0019-1024x576.jpg 1024w, https:\/\/warex.cz\/app\/uploads\/2024\/03\/IMG-20231124-WA0019-300x169.jpg 300w, https:\/\/warex.cz\/app\/uploads\/2024\/03\/IMG-20231124-WA0019-768x432.jpg 768w, https:\/\/warex.cz\/app\/uploads\/2024\/03\/IMG-20231124-WA0019-1536x864.jpg 1536w, https:\/\/warex.cz\/app\/uploads\/2024\/03\/IMG-20231124-WA0019-1320x743.jpg 1320w, https:\/\/warex.cz\/app\/uploads\/2024\/03\/IMG-20231124-WA0019.jpg 1600w\" sizes=\"auto, (max-width: 1024px) 100vw, 1024px\" \/><\/figure>\n<\/div>\n\n\n\n<div class=\"wp-block-column is-layout-flow wp-block-column-is-layout-flow\">\n<figure class=\"wp-block-image size-large\"><img loading=\"lazy\" decoding=\"async\" width=\"1024\" height=\"576\" src=\"https:\/\/warex.cz\/app\/uploads\/2024\/03\/b-1024x576.jpg\" alt=\"\" class=\"wp-image-16181\" srcset=\"https:\/\/warex.cz\/app\/uploads\/2024\/03\/b-1024x576.jpg 1024w, https:\/\/warex.cz\/app\/uploads\/2024\/03\/b-300x169.jpg 300w, https:\/\/warex.cz\/app\/uploads\/2024\/03\/b-768x432.jpg 768w, https:\/\/warex.cz\/app\/uploads\/2024\/03\/b-1536x864.jpg 1536w, https:\/\/warex.cz\/app\/uploads\/2024\/03\/b-1320x743.jpg 1320w, https:\/\/warex.cz\/app\/uploads\/2024\/03\/b.jpg 1600w\" sizes=\"auto, (max-width: 1024px) 100vw, 1024px\" \/><\/figure>\n<\/div>\n<\/div>\n\n\n\n<div class=\"wp-block-columns is-layout-flex wp-container-core-columns-is-layout-9d6595d7 wp-block-columns-is-layout-flex\">\n<div class=\"wp-block-column is-layout-flow wp-block-column-is-layout-flow\">\n<figure class=\"wp-block-image size-large\"><img loading=\"lazy\" decoding=\"async\" width=\"1024\" height=\"576\" src=\"https:\/\/warex.cz\/app\/uploads\/2024\/03\/c-1024x576.jpg\" alt=\"\" class=\"wp-image-16185\" srcset=\"https:\/\/warex.cz\/app\/uploads\/2024\/03\/c-1024x576.jpg 1024w, https:\/\/warex.cz\/app\/uploads\/2024\/03\/c-300x169.jpg 300w, https:\/\/warex.cz\/app\/uploads\/2024\/03\/c-768x432.jpg 768w, https:\/\/warex.cz\/app\/uploads\/2024\/03\/c-1536x864.jpg 1536w, https:\/\/warex.cz\/app\/uploads\/2024\/03\/c-1320x743.jpg 1320w, https:\/\/warex.cz\/app\/uploads\/2024\/03\/c.jpg 1600w\" sizes=\"auto, (max-width: 1024px) 100vw, 1024px\" \/><\/figure>\n<\/div>\n\n\n\n<div class=\"wp-block-column is-layout-flow wp-block-column-is-layout-flow\">\n<figure class=\"wp-block-image size-large\"><img loading=\"lazy\" decoding=\"async\" width=\"1024\" height=\"576\" src=\"https:\/\/warex.cz\/app\/uploads\/2024\/03\/d-1024x576.jpg\" alt=\"\" class=\"wp-image-16189\" srcset=\"https:\/\/warex.cz\/app\/uploads\/2024\/03\/d-1024x576.jpg 1024w, https:\/\/warex.cz\/app\/uploads\/2024\/03\/d-300x169.jpg 300w, https:\/\/warex.cz\/app\/uploads\/2024\/03\/d-768x432.jpg 768w, https:\/\/warex.cz\/app\/uploads\/2024\/03\/d-1536x864.jpg 1536w, https:\/\/warex.cz\/app\/uploads\/2024\/03\/d-1320x743.jpg 1320w, https:\/\/warex.cz\/app\/uploads\/2024\/03\/d.jpg 1600w\" sizes=\"auto, (max-width: 1024px) 100vw, 1024px\" \/><\/figure>\n<\/div>\n<\/div>\n","protected":false},"excerpt":{"rendered":"<p>Wir fertigten und lieferten die Wohnmodule f\u00fcr das gr\u00f6\u00dfte BMW-Testzentrum der Welt. In dem Testzentrum bei Sokolov sollen neue BMW-Technologien erprobt werden. Das Future Mobility Development Center (FMDC) in der Tschechischen Republik erstreckt sich \u00fcber eine Fl\u00e4che von 600 Hektar. Die von uns gelieferten Module werden als Einrichtungen f\u00fcr BMW-Mitarbeiter und Besucher dienen.<\/p>\n","protected":false},"author":13,"featured_media":16181,"comment_status":"open","ping_status":"open","sticky":false,"template":"","format":"standard","meta":{"_acf_changed":false,"footnotes":""},"categories":[38],"tags":[],"class_list":["post-16202","post","type-post","status-publish","format-standard","has-post-thumbnail","hentry","category-hintergrund-nachrichten"],"acf":[],"yoast_head":"<!-- This site is optimized with the Yoast SEO plugin v26.9 - https:\/\/yoast.com\/product\/yoast-seo-wordpress\/ -->\n<title>Warex - Aktuality<\/title>\n<meta name=\"description\" content=\"Wir fertigten und lieferten die Wohnmodule f\u00fcr das gr\u00f6\u00dfte BMW-Testzentrum der Welt. In dem Testzentrum bei Sokolov.\" \/>\n<meta name=\"robots\" content=\"index, follow, max-snippet:-1, max-image-preview:large, max-video-preview:-1\" \/>\n<link rel=\"canonical\" href=\"https:\/\/warex.cz\/de\/aktuality\/hintergrund-nachrichten\/hintergrund-fuer-bmw\/\" \/>\n<meta property=\"og:locale\" content=\"de_DE\" \/>\n<meta property=\"og:type\" content=\"article\" \/>\n<meta property=\"og:title\" content=\"Warex - Aktuality\" \/>\n<meta property=\"og:description\" content=\"Wir fertigten und lieferten die Wohnmodule f\u00fcr das gr\u00f6\u00dfte BMW-Testzentrum der Welt. In dem Testzentrum bei Sokolov.\" \/>\n<meta property=\"og:url\" content=\"https:\/\/warex.cz\/de\/aktuality\/hintergrund-nachrichten\/hintergrund-fuer-bmw\/\" \/>\n<meta property=\"og:site_name\" content=\"Warex\" \/>\n<meta property=\"article:publisher\" content=\"https:\/\/www.facebook.com\/WarexCzech\/notifications\/\" \/>\n<meta property=\"article:published_time\" content=\"2024-03-11T18:10:49+00:00\" \/>\n<meta property=\"article:modified_time\" content=\"2024-03-11T18:10:51+00:00\" \/>\n<meta property=\"og:image\" content=\"https:\/\/warex.cz\/app\/uploads\/2024\/03\/b.jpg\" \/>\n\t<meta property=\"og:image:width\" content=\"1600\" \/>\n\t<meta property=\"og:image:height\" content=\"900\" \/>\n\t<meta property=\"og:image:type\" content=\"image\/jpeg\" \/>\n<meta name=\"author\" content=\"Miloslav Ju\u0159en\" \/>\n<meta name=\"twitter:card\" content=\"summary_large_image\" \/>\n<meta name=\"twitter:label1\" content=\"Verfasst von\" \/>\n\t<meta name=\"twitter:data1\" content=\"Miloslav Ju\u0159en\" \/>\n\t<meta name=\"twitter:label2\" content=\"Gesch\u00e4tzte Lesezeit\" \/>\n\t<meta name=\"twitter:data2\" content=\"2\u00a0Minuten\" \/>\n<script type=\"application\/ld+json\" class=\"yoast-schema-graph\">{\"@context\":\"https:\/\/schema.org\",\"@graph\":[{\"@type\":\"Article\",\"@id\":\"https:\/\/warex.cz\/de\/aktuality\/hintergrund-nachrichten\/hintergrund-fuer-bmw\/#article\",\"isPartOf\":{\"@id\":\"https:\/\/warex.cz\/de\/aktuality\/hintergrund-nachrichten\/hintergrund-fuer-bmw\/\"},\"author\":{\"name\":\"Miloslav Ju\u0159en\",\"@id\":\"https:\/\/warex.cz\/de\/#\/schema\/person\/9826157e7431ae05b463018d35a9b5ea\"},\"headline\":\"Hintergrund f\u00fcr BMW\",\"datePublished\":\"2024-03-11T18:10:49+00:00\",\"dateModified\":\"2024-03-11T18:10:51+00:00\",\"mainEntityOfPage\":{\"@id\":\"https:\/\/warex.cz\/de\/aktuality\/hintergrund-nachrichten\/hintergrund-fuer-bmw\/\"},\"wordCount\":60,\"commentCount\":0,\"image\":{\"@id\":\"https:\/\/warex.cz\/de\/aktuality\/hintergrund-nachrichten\/hintergrund-fuer-bmw\/#primaryimage\"},\"thumbnailUrl\":\"https:\/\/warex.cz\/app\/uploads\/2024\/03\/b.jpg\",\"articleSection\":[\"HINTERGRUND-NACHRICHTEN\"],\"inLanguage\":\"de\",\"potentialAction\":[{\"@type\":\"CommentAction\",\"name\":\"Comment\",\"target\":[\"https:\/\/warex.cz\/de\/aktuality\/hintergrund-nachrichten\/hintergrund-fuer-bmw\/#respond\"]}]},{\"@type\":\"WebPage\",\"@id\":\"https:\/\/warex.cz\/de\/aktuality\/hintergrund-nachrichten\/hintergrund-fuer-bmw\/\",\"url\":\"https:\/\/warex.cz\/de\/aktuality\/hintergrund-nachrichten\/hintergrund-fuer-bmw\/\",\"name\":\"Warex - Aktuality\",\"isPartOf\":{\"@id\":\"https:\/\/warex.cz\/de\/#website\"},\"primaryImageOfPage\":{\"@id\":\"https:\/\/warex.cz\/de\/aktuality\/hintergrund-nachrichten\/hintergrund-fuer-bmw\/#primaryimage\"},\"image\":{\"@id\":\"https:\/\/warex.cz\/de\/aktuality\/hintergrund-nachrichten\/hintergrund-fuer-bmw\/#primaryimage\"},\"thumbnailUrl\":\"https:\/\/warex.cz\/app\/uploads\/2024\/03\/b.jpg\",\"datePublished\":\"2024-03-11T18:10:49+00:00\",\"dateModified\":\"2024-03-11T18:10:51+00:00\",\"author\":{\"@id\":\"https:\/\/warex.cz\/de\/#\/schema\/person\/9826157e7431ae05b463018d35a9b5ea\"},\"description\":\"Wir fertigten und lieferten die Wohnmodule f\u00fcr das gr\u00f6\u00dfte BMW-Testzentrum der Welt. In dem Testzentrum bei Sokolov.\",\"breadcrumb\":{\"@id\":\"https:\/\/warex.cz\/de\/aktuality\/hintergrund-nachrichten\/hintergrund-fuer-bmw\/#breadcrumb\"},\"inLanguage\":\"de\",\"potentialAction\":[{\"@type\":\"ReadAction\",\"target\":[\"https:\/\/warex.cz\/de\/aktuality\/hintergrund-nachrichten\/hintergrund-fuer-bmw\/\"]}]},{\"@type\":\"ImageObject\",\"inLanguage\":\"de\",\"@id\":\"https:\/\/warex.cz\/de\/aktuality\/hintergrund-nachrichten\/hintergrund-fuer-bmw\/#primaryimage\",\"url\":\"https:\/\/warex.cz\/app\/uploads\/2024\/03\/b.jpg\",\"contentUrl\":\"https:\/\/warex.cz\/app\/uploads\/2024\/03\/b.jpg\",\"width\":1600,\"height\":900},{\"@type\":\"BreadcrumbList\",\"@id\":\"https:\/\/warex.cz\/de\/aktuality\/hintergrund-nachrichten\/hintergrund-fuer-bmw\/#breadcrumb\",\"itemListElement\":[{\"@type\":\"ListItem\",\"position\":1,\"name\":\"Home\",\"item\":\"https:\/\/warex.cz\/de\/\"},{\"@type\":\"ListItem\",\"position\":2,\"name\":\"Hintergrund f\u00fcr BMW\"}]},{\"@type\":\"WebSite\",\"@id\":\"https:\/\/warex.cz\/de\/#website\",\"url\":\"https:\/\/warex.cz\/de\/\",\"name\":\"Warex\",\"description\":\"Web spole\u010dnosti Warex\",\"potentialAction\":[{\"@type\":\"SearchAction\",\"target\":{\"@type\":\"EntryPoint\",\"urlTemplate\":\"https:\/\/warex.cz\/de\/?s={search_term_string}\"},\"query-input\":{\"@type\":\"PropertyValueSpecification\",\"valueRequired\":true,\"valueName\":\"search_term_string\"}}],\"inLanguage\":\"de\"},{\"@type\":\"Person\",\"@id\":\"https:\/\/warex.cz\/de\/#\/schema\/person\/9826157e7431ae05b463018d35a9b5ea\",\"name\":\"Miloslav Ju\u0159en\",\"image\":{\"@type\":\"ImageObject\",\"inLanguage\":\"de\",\"@id\":\"https:\/\/warex.cz\/de\/#\/schema\/person\/image\/\",\"url\":\"https:\/\/secure.gravatar.com\/avatar\/3d35f44e2eaeab2aad2e7d8c71c9e96a478e2aa11b67e10d48b562fe03f4fbc0?s=96&d=mm&r=g\",\"contentUrl\":\"https:\/\/secure.gravatar.com\/avatar\/3d35f44e2eaeab2aad2e7d8c71c9e96a478e2aa11b67e10d48b562fe03f4fbc0?s=96&d=mm&r=g\",\"caption\":\"Miloslav Ju\u0159en\"},\"sameAs\":[\"https:\/\/warex.cz\/\"],\"url\":\"https:\/\/warex.cz\/de\/aktuality\/author\/miloslav\/\"}]}<\/script>\n<!-- \/ Yoast SEO plugin. -->","yoast_head_json":{"title":"Warex - Aktuality","description":"Wir fertigten und lieferten die Wohnmodule f\u00fcr das gr\u00f6\u00dfte BMW-Testzentrum der Welt. In dem Testzentrum bei Sokolov.","robots":{"index":"index","follow":"follow","max-snippet":"max-snippet:-1","max-image-preview":"max-image-preview:large","max-video-preview":"max-video-preview:-1"},"canonical":"https:\/\/warex.cz\/de\/aktuality\/hintergrund-nachrichten\/hintergrund-fuer-bmw\/","og_locale":"de_DE","og_type":"article","og_title":"Warex - Aktuality","og_description":"Wir fertigten und lieferten die Wohnmodule f\u00fcr das gr\u00f6\u00dfte BMW-Testzentrum der Welt. In dem Testzentrum bei Sokolov.","og_url":"https:\/\/warex.cz\/de\/aktuality\/hintergrund-nachrichten\/hintergrund-fuer-bmw\/","og_site_name":"Warex","article_publisher":"https:\/\/www.facebook.com\/WarexCzech\/notifications\/","article_published_time":"2024-03-11T18:10:49+00:00","article_modified_time":"2024-03-11T18:10:51+00:00","og_image":[{"width":1600,"height":900,"url":"https:\/\/warex.cz\/app\/uploads\/2024\/03\/b.jpg","type":"image\/jpeg"}],"author":"Miloslav Ju\u0159en","twitter_card":"summary_large_image","twitter_misc":{"Verfasst von":"Miloslav Ju\u0159en","Gesch\u00e4tzte Lesezeit":"2\u00a0Minuten"},"schema":{"@context":"https:\/\/schema.org","@graph":[{"@type":"Article","@id":"https:\/\/warex.cz\/de\/aktuality\/hintergrund-nachrichten\/hintergrund-fuer-bmw\/#article","isPartOf":{"@id":"https:\/\/warex.cz\/de\/aktuality\/hintergrund-nachrichten\/hintergrund-fuer-bmw\/"},"author":{"name":"Miloslav Ju\u0159en","@id":"https:\/\/warex.cz\/de\/#\/schema\/person\/9826157e7431ae05b463018d35a9b5ea"},"headline":"Hintergrund f\u00fcr BMW","datePublished":"2024-03-11T18:10:49+00:00","dateModified":"2024-03-11T18:10:51+00:00","mainEntityOfPage":{"@id":"https:\/\/warex.cz\/de\/aktuality\/hintergrund-nachrichten\/hintergrund-fuer-bmw\/"},"wordCount":60,"commentCount":0,"image":{"@id":"https:\/\/warex.cz\/de\/aktuality\/hintergrund-nachrichten\/hintergrund-fuer-bmw\/#primaryimage"},"thumbnailUrl":"https:\/\/warex.cz\/app\/uploads\/2024\/03\/b.jpg","articleSection":["HINTERGRUND-NACHRICHTEN"],"inLanguage":"de","potentialAction":[{"@type":"CommentAction","name":"Comment","target":["https:\/\/warex.cz\/de\/aktuality\/hintergrund-nachrichten\/hintergrund-fuer-bmw\/#respond"]}]},{"@type":"WebPage","@id":"https:\/\/warex.cz\/de\/aktuality\/hintergrund-nachrichten\/hintergrund-fuer-bmw\/","url":"https:\/\/warex.cz\/de\/aktuality\/hintergrund-nachrichten\/hintergrund-fuer-bmw\/","name":"Warex - Aktuality","isPartOf":{"@id":"https:\/\/warex.cz\/de\/#website"},"primaryImageOfPage":{"@id":"https:\/\/warex.cz\/de\/aktuality\/hintergrund-nachrichten\/hintergrund-fuer-bmw\/#primaryimage"},"image":{"@id":"https:\/\/warex.cz\/de\/aktuality\/hintergrund-nachrichten\/hintergrund-fuer-bmw\/#primaryimage"},"thumbnailUrl":"https:\/\/warex.cz\/app\/uploads\/2024\/03\/b.jpg","datePublished":"2024-03-11T18:10:49+00:00","dateModified":"2024-03-11T18:10:51+00:00","author":{"@id":"https:\/\/warex.cz\/de\/#\/schema\/person\/9826157e7431ae05b463018d35a9b5ea"},"description":"Wir fertigten und lieferten die Wohnmodule f\u00fcr das gr\u00f6\u00dfte BMW-Testzentrum der Welt. In dem Testzentrum bei Sokolov.","breadcrumb":{"@id":"https:\/\/warex.cz\/de\/aktuality\/hintergrund-nachrichten\/hintergrund-fuer-bmw\/#breadcrumb"},"inLanguage":"de","potentialAction":[{"@type":"ReadAction","target":["https:\/\/warex.cz\/de\/aktuality\/hintergrund-nachrichten\/hintergrund-fuer-bmw\/"]}]},{"@type":"ImageObject","inLanguage":"de","@id":"https:\/\/warex.cz\/de\/aktuality\/hintergrund-nachrichten\/hintergrund-fuer-bmw\/#primaryimage","url":"https:\/\/warex.cz\/app\/uploads\/2024\/03\/b.jpg","contentUrl":"https:\/\/warex.cz\/app\/uploads\/2024\/03\/b.jpg","width":1600,"height":900},{"@type":"BreadcrumbList","@id":"https:\/\/warex.cz\/de\/aktuality\/hintergrund-nachrichten\/hintergrund-fuer-bmw\/#breadcrumb","itemListElement":[{"@type":"ListItem","position":1,"name":"Home","item":"https:\/\/warex.cz\/de\/"},{"@type":"ListItem","position":2,"name":"Hintergrund f\u00fcr BMW"}]},{"@type":"WebSite","@id":"https:\/\/warex.cz\/de\/#website","url":"https:\/\/warex.cz\/de\/","name":"Warex","description":"Web spole\u010dnosti Warex","potentialAction":[{"@type":"SearchAction","target":{"@type":"EntryPoint","urlTemplate":"https:\/\/warex.cz\/de\/?s={search_term_string}"},"query-input":{"@type":"PropertyValueSpecification","valueRequired":true,"valueName":"search_term_string"}}],"inLanguage":"de"},{"@type":"Person","@id":"https:\/\/warex.cz\/de\/#\/schema\/person\/9826157e7431ae05b463018d35a9b5ea","name":"Miloslav Ju\u0159en","image":{"@type":"ImageObject","inLanguage":"de","@id":"https:\/\/warex.cz\/de\/#\/schema\/person\/image\/","url":"https:\/\/secure.gravatar.com\/avatar\/3d35f44e2eaeab2aad2e7d8c71c9e96a478e2aa11b67e10d48b562fe03f4fbc0?s=96&d=mm&r=g","contentUrl":"https:\/\/secure.gravatar.com\/avatar\/3d35f44e2eaeab2aad2e7d8c71c9e96a478e2aa11b67e10d48b562fe03f4fbc0?s=96&d=mm&r=g","caption":"Miloslav Ju\u0159en"},"sameAs":["https:\/\/warex.cz\/"],"url":"https:\/\/warex.cz\/de\/aktuality\/author\/miloslav\/"}]}},"_links":{"self":[{"href":"https:\/\/warex.cz\/de\/wp-json\/wp\/v2\/posts\/16202","targetHints":{"allow":["GET"]}}],"collection":[{"href":"https:\/\/warex.cz\/de\/wp-json\/wp\/v2\/posts"}],"about":[{"href":"https:\/\/warex.cz\/de\/wp-json\/wp\/v2\/types\/post"}],"author":[{"embeddable":true,"href":"https:\/\/warex.cz\/de\/wp-json\/wp\/v2\/users\/13"}],"replies":[{"embeddable":true,"href":"https:\/\/warex.cz\/de\/wp-json\/wp\/v2\/comments?post=16202"}],"version-history":[{"count":1,"href":"https:\/\/warex.cz\/de\/wp-json\/wp\/v2\/posts\/16202\/revisions"}],"predecessor-version":[{"id":16203,"href":"https:\/\/warex.cz\/de\/wp-json\/wp\/v2\/posts\/16202\/revisions\/16203"}],"wp:featuredmedia":[{"embeddable":true,"href":"https:\/\/warex.cz\/de\/wp-json\/wp\/v2\/media\/16181"}],"wp:attachment":[{"href":"https:\/\/warex.cz\/de\/wp-json\/wp\/v2\/media?parent=16202"}],"wp:term":[{"taxonomy":"category","embeddable":true,"href":"https:\/\/warex.cz\/de\/wp-json\/wp\/v2\/categories?post=16202"},{"taxonomy":"post_tag","embeddable":true,"href":"https:\/\/warex.cz\/de\/wp-json\/wp\/v2\/tags?post=16202"}],"curies":[{"name":"wp","href":"https:\/\/api.w.org\/{rel}","templated":true}]}}