{"id":16919,"date":"2024-10-17T13:18:09","date_gmt":"2024-10-17T11:18:09","guid":{"rendered":"https:\/\/warex.cz\/?p=16919"},"modified":"2025-04-09T13:04:51","modified_gmt":"2025-04-09T11:04:51","slug":"schnell-flexibel-und-umweltfreundlich","status":"publish","type":"post","link":"https:\/\/warex.cz\/de\/aktuality\/hintergrund-nachrichten\/schnell-flexibel-und-umweltfreundlich\/","title":{"rendered":"Schnell, flexibel und umweltfreundlich"},"content":{"rendered":"\n<p>Wir realisierten ein dreist\u00f6ckiges modulares Wohnheim in Deutschland.&nbsp; Das modulare Geb\u00e4ude wurde aus 138 Modulen errichtet, darunter Sanit\u00e4rmodule und Duschen sowie ein Technikmodul. Das Geb\u00e4ude umfasst Korridormodule, Innen- und Au\u00dfentreppen mit Podesten und einen Treppenturm.<\/p>\n\n\n\n<p>Mobile Wohnheime bieten eine moderne und effiziente L\u00f6sung f\u00fcr eine Vielzahl von Bed\u00fcrfnissen. Aufgrund ihrer Flexibilit\u00e4t, der schnellen Bauzeit und der geringen Kosten finden sie in vielen Bereichen Anwendung. Wenn Sie eine schnelle und einfache L\u00f6sung f\u00fcr eine vor\u00fcbergehende Unterbringung suchen, sind mobile Wohnheime die richtige Wahl.<\/p>\n\n\n\n<figure class=\"wp-block-gallery has-nested-images columns-default is-cropped wp-block-gallery-1 is-layout-flex wp-block-gallery-is-layout-flex\">\n<figure class=\"wp-block-image size-large\"><img loading=\"lazy\" decoding=\"async\" width=\"1024\" height=\"576\" data-id=\"16908\" src=\"https:\/\/warex.cz\/app\/uploads\/2024\/10\/IMG-20240904-WA0007-1024x576.jpg\" alt=\"\" class=\"wp-image-16908\" srcset=\"https:\/\/warex.cz\/app\/uploads\/2024\/10\/IMG-20240904-WA0007-1024x576.jpg 1024w, https:\/\/warex.cz\/app\/uploads\/2024\/10\/IMG-20240904-WA0007-300x169.jpg 300w, https:\/\/warex.cz\/app\/uploads\/2024\/10\/IMG-20240904-WA0007-768x432.jpg 768w, https:\/\/warex.cz\/app\/uploads\/2024\/10\/IMG-20240904-WA0007-1536x864.jpg 1536w, https:\/\/warex.cz\/app\/uploads\/2024\/10\/IMG-20240904-WA0007-1320x743.jpg 1320w, https:\/\/warex.cz\/app\/uploads\/2024\/10\/IMG-20240904-WA0007.jpg 1600w\" sizes=\"auto, (max-width: 1024px) 100vw, 1024px\" \/><\/figure>\n\n\n\n<figure class=\"wp-block-image size-large\"><img loading=\"lazy\" decoding=\"async\" width=\"1024\" height=\"576\" data-id=\"16912\" src=\"https:\/\/warex.cz\/app\/uploads\/2024\/10\/IMG-20240904-WA0008-1024x576.jpg\" alt=\"\" class=\"wp-image-16912\" srcset=\"https:\/\/warex.cz\/app\/uploads\/2024\/10\/IMG-20240904-WA0008-1024x576.jpg 1024w, https:\/\/warex.cz\/app\/uploads\/2024\/10\/IMG-20240904-WA0008-300x169.jpg 300w, https:\/\/warex.cz\/app\/uploads\/2024\/10\/IMG-20240904-WA0008-768x432.jpg 768w, https:\/\/warex.cz\/app\/uploads\/2024\/10\/IMG-20240904-WA0008-1536x864.jpg 1536w, https:\/\/warex.cz\/app\/uploads\/2024\/10\/IMG-20240904-WA0008-1320x743.jpg 1320w, https:\/\/warex.cz\/app\/uploads\/2024\/10\/IMG-20240904-WA0008.jpg 1600w\" sizes=\"auto, (max-width: 1024px) 100vw, 1024px\" \/><\/figure>\n<\/figure>\n\n\n\n<figure class=\"wp-block-gallery has-nested-images columns-default is-cropped wp-block-gallery-2 is-layout-flex wp-block-gallery-is-layout-flex\">\n<figure class=\"wp-block-image size-large\"><img loading=\"lazy\" decoding=\"async\" width=\"577\" height=\"1024\" data-id=\"16903\" src=\"https:\/\/warex.cz\/app\/uploads\/2024\/10\/IMG-20240904-WA0026-577x1024.jpg\" alt=\"\" class=\"wp-image-16903\" srcset=\"https:\/\/warex.cz\/app\/uploads\/2024\/10\/IMG-20240904-WA0026-577x1024.jpg 577w, https:\/\/warex.cz\/app\/uploads\/2024\/10\/IMG-20240904-WA0026-169x300.jpg 169w, https:\/\/warex.cz\/app\/uploads\/2024\/10\/IMG-20240904-WA0026-768x1364.jpg 768w, https:\/\/warex.cz\/app\/uploads\/2024\/10\/IMG-20240904-WA0026-865x1536.jpg 865w, https:\/\/warex.cz\/app\/uploads\/2024\/10\/IMG-20240904-WA0026-1153x2048.jpg 1153w, https:\/\/warex.cz\/app\/uploads\/2024\/10\/IMG-20240904-WA0026-1320x2345.jpg 1320w, https:\/\/warex.cz\/app\/uploads\/2024\/10\/IMG-20240904-WA0026-scaled.jpg 1441w\" sizes=\"auto, (max-width: 577px) 100vw, 577px\" \/><\/figure>\n\n\n\n<figure class=\"wp-block-image size-large\"><img loading=\"lazy\" decoding=\"async\" width=\"577\" height=\"1024\" data-id=\"16902\" src=\"https:\/\/warex.cz\/app\/uploads\/2024\/10\/IMG-20240904-WA0014-577x1024.jpg\" alt=\"\" class=\"wp-image-16902\" srcset=\"https:\/\/warex.cz\/app\/uploads\/2024\/10\/IMG-20240904-WA0014-577x1024.jpg 577w, https:\/\/warex.cz\/app\/uploads\/2024\/10\/IMG-20240904-WA0014-169x300.jpg 169w, https:\/\/warex.cz\/app\/uploads\/2024\/10\/IMG-20240904-WA0014-768x1364.jpg 768w, https:\/\/warex.cz\/app\/uploads\/2024\/10\/IMG-20240904-WA0014-865x1536.jpg 865w, https:\/\/warex.cz\/app\/uploads\/2024\/10\/IMG-20240904-WA0014-1153x2048.jpg 1153w, https:\/\/warex.cz\/app\/uploads\/2024\/10\/IMG-20240904-WA0014-1320x2345.jpg 1320w, https:\/\/warex.cz\/app\/uploads\/2024\/10\/IMG-20240904-WA0014-scaled.jpg 1441w\" sizes=\"auto, (max-width: 577px) 100vw, 577px\" \/><\/figure>\n<\/figure>\n","protected":false},"excerpt":{"rendered":"<p>Wir realisierten ein dreist\u00f6ckiges modulares Wohnheim in Deutschland.&nbsp; Das modulare Geb\u00e4ude wurde aus 138 Modulen errichtet, darunter Sanit\u00e4rmodule und Duschen sowie ein Technikmodul. Das Geb\u00e4ude umfasst Korridormodule, Innen- und Au\u00dfentreppen mit Podesten und einen Treppenturm. Mobile Wohnheime bieten eine moderne und effiziente L\u00f6sung f\u00fcr eine Vielzahl von Bed\u00fcrfnissen. Aufgrund ihrer Flexibilit\u00e4t, der schnellen Bauzeit und &hellip; <a href=\"https:\/\/warex.cz\/de\/aktuality\/hintergrund-nachrichten\/schnell-flexibel-und-umweltfreundlich\/\">Continued<\/a><\/p>\n","protected":false},"author":13,"featured_media":16912,"comment_status":"open","ping_status":"open","sticky":false,"template":"","format":"standard","meta":{"_acf_changed":false,"footnotes":""},"categories":[38],"tags":[],"class_list":["post-16919","post","type-post","status-publish","format-standard","has-post-thumbnail","hentry","category-hintergrund-nachrichten"],"acf":[],"yoast_head":"<!-- This site is optimized with the Yoast SEO plugin v26.9 - https:\/\/yoast.com\/product\/yoast-seo-wordpress\/ -->\n<title>Warex - Schnell, flexibel und umweltfreundlich<\/title>\n<meta name=\"description\" content=\"Wir realisierten ein dreist\u00f6ckiges modulares Wohnheim in Deutschland.\u00a0 Das modulare Geb\u00e4ude wurde aus 138 Modulen errichtet.\" \/>\n<meta name=\"robots\" content=\"index, follow, max-snippet:-1, max-image-preview:large, max-video-preview:-1\" \/>\n<link rel=\"canonical\" href=\"https:\/\/warex.cz\/de\/aktuality\/hintergrund-nachrichten\/schnell-flexibel-und-umweltfreundlich\/\" \/>\n<meta property=\"og:locale\" content=\"de_DE\" \/>\n<meta property=\"og:type\" content=\"article\" \/>\n<meta property=\"og:title\" content=\"Warex - Schnell, flexibel und umweltfreundlich\" \/>\n<meta property=\"og:description\" content=\"Wir realisierten ein dreist\u00f6ckiges modulares Wohnheim in Deutschland.\u00a0 Das modulare Geb\u00e4ude wurde aus 138 Modulen errichtet.\" \/>\n<meta property=\"og:url\" content=\"https:\/\/warex.cz\/de\/aktuality\/hintergrund-nachrichten\/schnell-flexibel-und-umweltfreundlich\/\" \/>\n<meta property=\"og:site_name\" content=\"Warex\" \/>\n<meta property=\"article:publisher\" content=\"https:\/\/www.facebook.com\/WarexCzech\/notifications\/\" \/>\n<meta property=\"article:published_time\" content=\"2024-10-17T11:18:09+00:00\" \/>\n<meta property=\"article:modified_time\" content=\"2025-04-09T11:04:51+00:00\" \/>\n<meta property=\"og:image\" content=\"https:\/\/warex.cz\/app\/uploads\/2024\/10\/IMG-20240904-WA0008.jpg\" \/>\n\t<meta property=\"og:image:width\" content=\"1600\" \/>\n\t<meta property=\"og:image:height\" content=\"900\" \/>\n\t<meta property=\"og:image:type\" content=\"image\/jpeg\" \/>\n<meta name=\"author\" content=\"Miloslav Ju\u0159en\" \/>\n<meta name=\"twitter:card\" content=\"summary_large_image\" \/>\n<meta name=\"twitter:label1\" content=\"Verfasst von\" \/>\n\t<meta name=\"twitter:data1\" content=\"Miloslav Ju\u0159en\" \/>\n\t<meta name=\"twitter:label2\" content=\"Gesch\u00e4tzte Lesezeit\" \/>\n\t<meta name=\"twitter:data2\" content=\"2\u00a0Minuten\" \/>\n<script type=\"application\/ld+json\" class=\"yoast-schema-graph\">{\"@context\":\"https:\/\/schema.org\",\"@graph\":[{\"@type\":\"Article\",\"@id\":\"https:\/\/warex.cz\/de\/aktuality\/hintergrund-nachrichten\/schnell-flexibel-und-umweltfreundlich\/#article\",\"isPartOf\":{\"@id\":\"https:\/\/warex.cz\/de\/aktuality\/hintergrund-nachrichten\/schnell-flexibel-und-umweltfreundlich\/\"},\"author\":{\"name\":\"Miloslav Ju\u0159en\",\"@id\":\"https:\/\/warex.cz\/de\/#\/schema\/person\/9826157e7431ae05b463018d35a9b5ea\"},\"headline\":\"Schnell, flexibel und umweltfreundlich\",\"datePublished\":\"2024-10-17T11:18:09+00:00\",\"dateModified\":\"2025-04-09T11:04:51+00:00\",\"mainEntityOfPage\":{\"@id\":\"https:\/\/warex.cz\/de\/aktuality\/hintergrund-nachrichten\/schnell-flexibel-und-umweltfreundlich\/\"},\"wordCount\":98,\"commentCount\":0,\"image\":{\"@id\":\"https:\/\/warex.cz\/de\/aktuality\/hintergrund-nachrichten\/schnell-flexibel-und-umweltfreundlich\/#primaryimage\"},\"thumbnailUrl\":\"https:\/\/warex.cz\/app\/uploads\/2024\/10\/IMG-20240904-WA0008.jpg\",\"articleSection\":[\"HINTERGRUND-NACHRICHTEN\"],\"inLanguage\":\"de\",\"potentialAction\":[{\"@type\":\"CommentAction\",\"name\":\"Comment\",\"target\":[\"https:\/\/warex.cz\/de\/aktuality\/hintergrund-nachrichten\/schnell-flexibel-und-umweltfreundlich\/#respond\"]}]},{\"@type\":\"WebPage\",\"@id\":\"https:\/\/warex.cz\/de\/aktuality\/hintergrund-nachrichten\/schnell-flexibel-und-umweltfreundlich\/\",\"url\":\"https:\/\/warex.cz\/de\/aktuality\/hintergrund-nachrichten\/schnell-flexibel-und-umweltfreundlich\/\",\"name\":\"Warex - Schnell, flexibel und umweltfreundlich\",\"isPartOf\":{\"@id\":\"https:\/\/warex.cz\/de\/#website\"},\"primaryImageOfPage\":{\"@id\":\"https:\/\/warex.cz\/de\/aktuality\/hintergrund-nachrichten\/schnell-flexibel-und-umweltfreundlich\/#primaryimage\"},\"image\":{\"@id\":\"https:\/\/warex.cz\/de\/aktuality\/hintergrund-nachrichten\/schnell-flexibel-und-umweltfreundlich\/#primaryimage\"},\"thumbnailUrl\":\"https:\/\/warex.cz\/app\/uploads\/2024\/10\/IMG-20240904-WA0008.jpg\",\"datePublished\":\"2024-10-17T11:18:09+00:00\",\"dateModified\":\"2025-04-09T11:04:51+00:00\",\"author\":{\"@id\":\"https:\/\/warex.cz\/de\/#\/schema\/person\/9826157e7431ae05b463018d35a9b5ea\"},\"description\":\"Wir realisierten ein dreist\u00f6ckiges modulares Wohnheim in Deutschland.\u00a0 Das modulare Geb\u00e4ude wurde aus 138 Modulen errichtet.\",\"breadcrumb\":{\"@id\":\"https:\/\/warex.cz\/de\/aktuality\/hintergrund-nachrichten\/schnell-flexibel-und-umweltfreundlich\/#breadcrumb\"},\"inLanguage\":\"de\",\"potentialAction\":[{\"@type\":\"ReadAction\",\"target\":[\"https:\/\/warex.cz\/de\/aktuality\/hintergrund-nachrichten\/schnell-flexibel-und-umweltfreundlich\/\"]}]},{\"@type\":\"ImageObject\",\"inLanguage\":\"de\",\"@id\":\"https:\/\/warex.cz\/de\/aktuality\/hintergrund-nachrichten\/schnell-flexibel-und-umweltfreundlich\/#primaryimage\",\"url\":\"https:\/\/warex.cz\/app\/uploads\/2024\/10\/IMG-20240904-WA0008.jpg\",\"contentUrl\":\"https:\/\/warex.cz\/app\/uploads\/2024\/10\/IMG-20240904-WA0008.jpg\",\"width\":1600,\"height\":900},{\"@type\":\"BreadcrumbList\",\"@id\":\"https:\/\/warex.cz\/de\/aktuality\/hintergrund-nachrichten\/schnell-flexibel-und-umweltfreundlich\/#breadcrumb\",\"itemListElement\":[{\"@type\":\"ListItem\",\"position\":1,\"name\":\"Home\",\"item\":\"https:\/\/warex.cz\/de\/\"},{\"@type\":\"ListItem\",\"position\":2,\"name\":\"Schnell, flexibel und umweltfreundlich\"}]},{\"@type\":\"WebSite\",\"@id\":\"https:\/\/warex.cz\/de\/#website\",\"url\":\"https:\/\/warex.cz\/de\/\",\"name\":\"Warex\",\"description\":\"Web spole\u010dnosti Warex\",\"potentialAction\":[{\"@type\":\"SearchAction\",\"target\":{\"@type\":\"EntryPoint\",\"urlTemplate\":\"https:\/\/warex.cz\/de\/?s={search_term_string}\"},\"query-input\":{\"@type\":\"PropertyValueSpecification\",\"valueRequired\":true,\"valueName\":\"search_term_string\"}}],\"inLanguage\":\"de\"},{\"@type\":\"Person\",\"@id\":\"https:\/\/warex.cz\/de\/#\/schema\/person\/9826157e7431ae05b463018d35a9b5ea\",\"name\":\"Miloslav Ju\u0159en\",\"image\":{\"@type\":\"ImageObject\",\"inLanguage\":\"de\",\"@id\":\"https:\/\/warex.cz\/de\/#\/schema\/person\/image\/\",\"url\":\"https:\/\/secure.gravatar.com\/avatar\/3d35f44e2eaeab2aad2e7d8c71c9e96a478e2aa11b67e10d48b562fe03f4fbc0?s=96&d=mm&r=g\",\"contentUrl\":\"https:\/\/secure.gravatar.com\/avatar\/3d35f44e2eaeab2aad2e7d8c71c9e96a478e2aa11b67e10d48b562fe03f4fbc0?s=96&d=mm&r=g\",\"caption\":\"Miloslav Ju\u0159en\"},\"sameAs\":[\"https:\/\/warex.cz\/\"],\"url\":\"https:\/\/warex.cz\/de\/aktuality\/author\/miloslav\/\"}]}<\/script>\n<!-- \/ Yoast SEO plugin. -->","yoast_head_json":{"title":"Warex - Schnell, flexibel und umweltfreundlich","description":"Wir realisierten ein dreist\u00f6ckiges modulares Wohnheim in Deutschland.\u00a0 Das modulare Geb\u00e4ude wurde aus 138 Modulen errichtet.","robots":{"index":"index","follow":"follow","max-snippet":"max-snippet:-1","max-image-preview":"max-image-preview:large","max-video-preview":"max-video-preview:-1"},"canonical":"https:\/\/warex.cz\/de\/aktuality\/hintergrund-nachrichten\/schnell-flexibel-und-umweltfreundlich\/","og_locale":"de_DE","og_type":"article","og_title":"Warex - Schnell, flexibel und umweltfreundlich","og_description":"Wir realisierten ein dreist\u00f6ckiges modulares Wohnheim in Deutschland.\u00a0 Das modulare Geb\u00e4ude wurde aus 138 Modulen errichtet.","og_url":"https:\/\/warex.cz\/de\/aktuality\/hintergrund-nachrichten\/schnell-flexibel-und-umweltfreundlich\/","og_site_name":"Warex","article_publisher":"https:\/\/www.facebook.com\/WarexCzech\/notifications\/","article_published_time":"2024-10-17T11:18:09+00:00","article_modified_time":"2025-04-09T11:04:51+00:00","og_image":[{"width":1600,"height":900,"url":"https:\/\/warex.cz\/app\/uploads\/2024\/10\/IMG-20240904-WA0008.jpg","type":"image\/jpeg"}],"author":"Miloslav Ju\u0159en","twitter_card":"summary_large_image","twitter_misc":{"Verfasst von":"Miloslav Ju\u0159en","Gesch\u00e4tzte Lesezeit":"2\u00a0Minuten"},"schema":{"@context":"https:\/\/schema.org","@graph":[{"@type":"Article","@id":"https:\/\/warex.cz\/de\/aktuality\/hintergrund-nachrichten\/schnell-flexibel-und-umweltfreundlich\/#article","isPartOf":{"@id":"https:\/\/warex.cz\/de\/aktuality\/hintergrund-nachrichten\/schnell-flexibel-und-umweltfreundlich\/"},"author":{"name":"Miloslav Ju\u0159en","@id":"https:\/\/warex.cz\/de\/#\/schema\/person\/9826157e7431ae05b463018d35a9b5ea"},"headline":"Schnell, flexibel und umweltfreundlich","datePublished":"2024-10-17T11:18:09+00:00","dateModified":"2025-04-09T11:04:51+00:00","mainEntityOfPage":{"@id":"https:\/\/warex.cz\/de\/aktuality\/hintergrund-nachrichten\/schnell-flexibel-und-umweltfreundlich\/"},"wordCount":98,"commentCount":0,"image":{"@id":"https:\/\/warex.cz\/de\/aktuality\/hintergrund-nachrichten\/schnell-flexibel-und-umweltfreundlich\/#primaryimage"},"thumbnailUrl":"https:\/\/warex.cz\/app\/uploads\/2024\/10\/IMG-20240904-WA0008.jpg","articleSection":["HINTERGRUND-NACHRICHTEN"],"inLanguage":"de","potentialAction":[{"@type":"CommentAction","name":"Comment","target":["https:\/\/warex.cz\/de\/aktuality\/hintergrund-nachrichten\/schnell-flexibel-und-umweltfreundlich\/#respond"]}]},{"@type":"WebPage","@id":"https:\/\/warex.cz\/de\/aktuality\/hintergrund-nachrichten\/schnell-flexibel-und-umweltfreundlich\/","url":"https:\/\/warex.cz\/de\/aktuality\/hintergrund-nachrichten\/schnell-flexibel-und-umweltfreundlich\/","name":"Warex - Schnell, flexibel und umweltfreundlich","isPartOf":{"@id":"https:\/\/warex.cz\/de\/#website"},"primaryImageOfPage":{"@id":"https:\/\/warex.cz\/de\/aktuality\/hintergrund-nachrichten\/schnell-flexibel-und-umweltfreundlich\/#primaryimage"},"image":{"@id":"https:\/\/warex.cz\/de\/aktuality\/hintergrund-nachrichten\/schnell-flexibel-und-umweltfreundlich\/#primaryimage"},"thumbnailUrl":"https:\/\/warex.cz\/app\/uploads\/2024\/10\/IMG-20240904-WA0008.jpg","datePublished":"2024-10-17T11:18:09+00:00","dateModified":"2025-04-09T11:04:51+00:00","author":{"@id":"https:\/\/warex.cz\/de\/#\/schema\/person\/9826157e7431ae05b463018d35a9b5ea"},"description":"Wir realisierten ein dreist\u00f6ckiges modulares Wohnheim in Deutschland.\u00a0 Das modulare Geb\u00e4ude wurde aus 138 Modulen errichtet.","breadcrumb":{"@id":"https:\/\/warex.cz\/de\/aktuality\/hintergrund-nachrichten\/schnell-flexibel-und-umweltfreundlich\/#breadcrumb"},"inLanguage":"de","potentialAction":[{"@type":"ReadAction","target":["https:\/\/warex.cz\/de\/aktuality\/hintergrund-nachrichten\/schnell-flexibel-und-umweltfreundlich\/"]}]},{"@type":"ImageObject","inLanguage":"de","@id":"https:\/\/warex.cz\/de\/aktuality\/hintergrund-nachrichten\/schnell-flexibel-und-umweltfreundlich\/#primaryimage","url":"https:\/\/warex.cz\/app\/uploads\/2024\/10\/IMG-20240904-WA0008.jpg","contentUrl":"https:\/\/warex.cz\/app\/uploads\/2024\/10\/IMG-20240904-WA0008.jpg","width":1600,"height":900},{"@type":"BreadcrumbList","@id":"https:\/\/warex.cz\/de\/aktuality\/hintergrund-nachrichten\/schnell-flexibel-und-umweltfreundlich\/#breadcrumb","itemListElement":[{"@type":"ListItem","position":1,"name":"Home","item":"https:\/\/warex.cz\/de\/"},{"@type":"ListItem","position":2,"name":"Schnell, flexibel und umweltfreundlich"}]},{"@type":"WebSite","@id":"https:\/\/warex.cz\/de\/#website","url":"https:\/\/warex.cz\/de\/","name":"Warex","description":"Web spole\u010dnosti Warex","potentialAction":[{"@type":"SearchAction","target":{"@type":"EntryPoint","urlTemplate":"https:\/\/warex.cz\/de\/?s={search_term_string}"},"query-input":{"@type":"PropertyValueSpecification","valueRequired":true,"valueName":"search_term_string"}}],"inLanguage":"de"},{"@type":"Person","@id":"https:\/\/warex.cz\/de\/#\/schema\/person\/9826157e7431ae05b463018d35a9b5ea","name":"Miloslav Ju\u0159en","image":{"@type":"ImageObject","inLanguage":"de","@id":"https:\/\/warex.cz\/de\/#\/schema\/person\/image\/","url":"https:\/\/secure.gravatar.com\/avatar\/3d35f44e2eaeab2aad2e7d8c71c9e96a478e2aa11b67e10d48b562fe03f4fbc0?s=96&d=mm&r=g","contentUrl":"https:\/\/secure.gravatar.com\/avatar\/3d35f44e2eaeab2aad2e7d8c71c9e96a478e2aa11b67e10d48b562fe03f4fbc0?s=96&d=mm&r=g","caption":"Miloslav Ju\u0159en"},"sameAs":["https:\/\/warex.cz\/"],"url":"https:\/\/warex.cz\/de\/aktuality\/author\/miloslav\/"}]}},"_links":{"self":[{"href":"https:\/\/warex.cz\/de\/wp-json\/wp\/v2\/posts\/16919","targetHints":{"allow":["GET"]}}],"collection":[{"href":"https:\/\/warex.cz\/de\/wp-json\/wp\/v2\/posts"}],"about":[{"href":"https:\/\/warex.cz\/de\/wp-json\/wp\/v2\/types\/post"}],"author":[{"embeddable":true,"href":"https:\/\/warex.cz\/de\/wp-json\/wp\/v2\/users\/13"}],"replies":[{"embeddable":true,"href":"https:\/\/warex.cz\/de\/wp-json\/wp\/v2\/comments?post=16919"}],"version-history":[{"count":1,"href":"https:\/\/warex.cz\/de\/wp-json\/wp\/v2\/posts\/16919\/revisions"}],"predecessor-version":[{"id":16920,"href":"https:\/\/warex.cz\/de\/wp-json\/wp\/v2\/posts\/16919\/revisions\/16920"}],"wp:featuredmedia":[{"embeddable":true,"href":"https:\/\/warex.cz\/de\/wp-json\/wp\/v2\/media\/16912"}],"wp:attachment":[{"href":"https:\/\/warex.cz\/de\/wp-json\/wp\/v2\/media?parent=16919"}],"wp:term":[{"taxonomy":"category","embeddable":true,"href":"https:\/\/warex.cz\/de\/wp-json\/wp\/v2\/categories?post=16919"},{"taxonomy":"post_tag","embeddable":true,"href":"https:\/\/warex.cz\/de\/wp-json\/wp\/v2\/tags?post=16919"}],"curies":[{"name":"wp","href":"https:\/\/api.w.org\/{rel}","templated":true}]}}