{"id":18695,"date":"2025-11-15T09:00:01","date_gmt":"2025-11-15T08:00:01","guid":{"rendered":"https:\/\/warex.cz\/?p=18695"},"modified":"2025-11-15T09:00:03","modified_gmt":"2025-11-15T08:00:03","slug":"finalist-im-wettbewerb-auszeichnung-der-tschechischen-marktfuehrer","status":"publish","type":"post","link":"https:\/\/warex.cz\/de\/aktuality\/hintergrund-nachrichten\/finalist-im-wettbewerb-auszeichnung-der-tschechischen-marktfuehrer\/","title":{"rendered":"Finalist im Wettbewerb \u201eAuszeichnung der tschechischen Marktf\u00fchrer\u201c!"},"content":{"rendered":"\n<p>Wir freuen uns, Ihnen mitteilen zu k\u00f6nnen, dass <mark style=\"background-color:rgba(0, 0, 0, 0)\" class=\"has-inline-color has-vivid-cyan-blue-color\"><strong>WAREX spol. s r.o.<\/strong> <\/mark>auch in diesem Jahr wieder zu den <mark style=\"background-color:rgba(0, 0, 0, 0)\" class=\"has-inline-color has-luminous-vivid-amber-color\"><strong>Finalisten des renommierten Wettbewerbs \u201eAuszeichnung der tschechischen Marktf\u00fchrer\u201c (OCL)<\/strong> <\/mark>geh\u00f6rt. Wir sind stolz darauf, dass sich unsere Arbeit langfristig in der Rangliste der Unternehmen widerspiegelt, die das stabile und starke R\u00fcckgrat der tschechischen Wirtschaft bilden. \ud83c\udde8\ud83c\uddff<\/p>\n\n\n\n<p>Das Projekt<strong> OCL 2025<\/strong> stellte erneut die erfolgreichsten rein tschechischen Unternehmen vor. Aus insgesamt <strong>1978 nominierten<\/strong> <strong>Unternehmen<\/strong> wurden <strong>148 Finalisten<\/strong> ausgew\u00e4hlt, die zusammen einen Umsatz von rund <strong>115 Milliarden Kronen<\/strong> erzielen und fast <strong>20 000<\/strong> <strong>Mitarbeiter<\/strong> besch\u00e4ftigen.<\/p>\n\n\n\n<p>Die Nominierung f\u00fcr den Wettbewerb basiert auf <strong>objektiven Daten des Cribis-Index<\/strong>, der von <strong>CRIF \u2013 Czech Credit Bureau<\/strong>, dem fachlichen Garanten des Projekts, ausgewertet wird. Bewertet werden die Wirtschaftsindikatoren aus den Jahresabschl\u00fcssen der letzten drei Jahre, wobei der Schwerpunkt auf den Ergebnissen der Jahre <strong>2022<\/strong> und <strong>2023<\/strong> liegt.<\/p>\n\n\n\n<p>Wir danken allen unseren Mitarbeitern, Partnern und Kunden \u2013 Ihr Vertrauen und Ihre Zusammenarbeit erm\u00f6glichen es uns, st\u00e4ndig zu wachsen und die Grenzen des M\u00f6glichen zu erweitern. \ud83d\udc99<\/p>\n\n\n\n<figure class=\"wp-block-image size-large\"><img loading=\"lazy\" decoding=\"async\" width=\"1024\" height=\"195\" src=\"https:\/\/warex.cz\/app\/uploads\/2025\/11\/FINALISTA_OCL-2025-1024x195.jpg\" alt=\"\" class=\"wp-image-18684\" srcset=\"https:\/\/warex.cz\/app\/uploads\/2025\/11\/FINALISTA_OCL-2025-1024x195.jpg 1024w, https:\/\/warex.cz\/app\/uploads\/2025\/11\/FINALISTA_OCL-2025-300x57.jpg 300w, https:\/\/warex.cz\/app\/uploads\/2025\/11\/FINALISTA_OCL-2025-768x146.jpg 768w, https:\/\/warex.cz\/app\/uploads\/2025\/11\/FINALISTA_OCL-2025-1536x292.jpg 1536w, https:\/\/warex.cz\/app\/uploads\/2025\/11\/FINALISTA_OCL-2025-2048x390.jpg 2048w, https:\/\/warex.cz\/app\/uploads\/2025\/11\/FINALISTA_OCL-2025-1320x251.jpg 1320w\" sizes=\"auto, (max-width: 1024px) 100vw, 1024px\" \/><\/figure>\n","protected":false},"excerpt":{"rendered":"<p>Wir freuen uns, Ihnen mitteilen zu k\u00f6nnen, dass WAREX spol. s r.o. auch in diesem Jahr wieder zu den Finalisten des renommierten Wettbewerbs \u201eAuszeichnung der tschechischen Marktf\u00fchrer\u201c (OCL) geh\u00f6rt. Wir sind stolz darauf, dass sich unsere Arbeit langfristig in der Rangliste der Unternehmen widerspiegelt, die das stabile und starke R\u00fcckgrat der tschechischen Wirtschaft bilden. \ud83c\udde8\ud83c\uddff &hellip; <a href=\"https:\/\/warex.cz\/de\/aktuality\/hintergrund-nachrichten\/finalist-im-wettbewerb-auszeichnung-der-tschechischen-marktfuehrer\/\">Continued<\/a><\/p>\n","protected":false},"author":13,"featured_media":18689,"comment_status":"open","ping_status":"open","sticky":false,"template":"","format":"standard","meta":{"_acf_changed":false,"footnotes":""},"categories":[38],"tags":[],"class_list":["post-18695","post","type-post","status-publish","format-standard","has-post-thumbnail","hentry","category-hintergrund-nachrichten"],"acf":[],"yoast_head":"<!-- This site is optimized with the Yoast SEO plugin v26.9 - https:\/\/yoast.com\/product\/yoast-seo-wordpress\/ -->\n<title>Warex - Finalist im Wettbewerb<\/title>\n<meta name=\"description\" content=\"Wir freuen uns, Ihnen mitteilen zu k\u00f6nnen, dass WAREX spol. s r.o. auch in diesem Jahr wieder zu den Finalisten des renommierten Wettbewerbs \u201eAuszeichnung der tschechischen Marktf\u00fchrer\u201c (OCL) geh\u00f6rt.\" \/>\n<meta name=\"robots\" content=\"index, follow, max-snippet:-1, max-image-preview:large, max-video-preview:-1\" \/>\n<link rel=\"canonical\" href=\"https:\/\/warex.cz\/de\/aktuality\/hintergrund-nachrichten\/finalist-im-wettbewerb-auszeichnung-der-tschechischen-marktfuehrer\/\" \/>\n<meta property=\"og:locale\" content=\"de_DE\" \/>\n<meta property=\"og:type\" content=\"article\" \/>\n<meta property=\"og:title\" content=\"Warex - Finalist im Wettbewerb\" \/>\n<meta property=\"og:description\" content=\"Wir freuen uns, Ihnen mitteilen zu k\u00f6nnen, dass WAREX spol. s r.o. auch in diesem Jahr wieder zu den Finalisten des renommierten Wettbewerbs \u201eAuszeichnung der tschechischen Marktf\u00fchrer\u201c (OCL) geh\u00f6rt.\" \/>\n<meta property=\"og:url\" content=\"https:\/\/warex.cz\/de\/aktuality\/hintergrund-nachrichten\/finalist-im-wettbewerb-auszeichnung-der-tschechischen-marktfuehrer\/\" \/>\n<meta property=\"og:site_name\" content=\"Warex\" \/>\n<meta property=\"article:publisher\" content=\"https:\/\/www.facebook.com\/WarexCzech\/notifications\/\" \/>\n<meta property=\"article:published_time\" content=\"2025-11-15T08:00:01+00:00\" \/>\n<meta property=\"article:modified_time\" content=\"2025-11-15T08:00:03+00:00\" \/>\n<meta property=\"og:image\" content=\"https:\/\/warex.cz\/app\/uploads\/2025\/11\/oceneni-scaled.png\" \/>\n\t<meta property=\"og:image:width\" content=\"2560\" \/>\n\t<meta property=\"og:image:height\" content=\"1417\" \/>\n\t<meta property=\"og:image:type\" content=\"image\/png\" \/>\n<meta name=\"author\" content=\"Miloslav Ju\u0159en\" \/>\n<meta name=\"twitter:card\" content=\"summary_large_image\" \/>\n<meta name=\"twitter:label1\" content=\"Verfasst von\" \/>\n\t<meta name=\"twitter:data1\" content=\"Miloslav Ju\u0159en\" \/>\n\t<meta name=\"twitter:label2\" content=\"Gesch\u00e4tzte Lesezeit\" \/>\n\t<meta name=\"twitter:data2\" content=\"1\u00a0Minute\" \/>\n<script type=\"application\/ld+json\" class=\"yoast-schema-graph\">{\"@context\":\"https:\/\/schema.org\",\"@graph\":[{\"@type\":\"Article\",\"@id\":\"https:\/\/warex.cz\/de\/aktuality\/hintergrund-nachrichten\/finalist-im-wettbewerb-auszeichnung-der-tschechischen-marktfuehrer\/#article\",\"isPartOf\":{\"@id\":\"https:\/\/warex.cz\/de\/aktuality\/hintergrund-nachrichten\/finalist-im-wettbewerb-auszeichnung-der-tschechischen-marktfuehrer\/\"},\"author\":{\"name\":\"Miloslav Ju\u0159en\",\"@id\":\"https:\/\/warex.cz\/de\/#\/schema\/person\/9826157e7431ae05b463018d35a9b5ea\"},\"headline\":\"Finalist im Wettbewerb \u201eAuszeichnung der tschechischen Marktf\u00fchrer\u201c!\",\"datePublished\":\"2025-11-15T08:00:01+00:00\",\"dateModified\":\"2025-11-15T08:00:03+00:00\",\"mainEntityOfPage\":{\"@id\":\"https:\/\/warex.cz\/de\/aktuality\/hintergrund-nachrichten\/finalist-im-wettbewerb-auszeichnung-der-tschechischen-marktfuehrer\/\"},\"wordCount\":176,\"commentCount\":0,\"image\":{\"@id\":\"https:\/\/warex.cz\/de\/aktuality\/hintergrund-nachrichten\/finalist-im-wettbewerb-auszeichnung-der-tschechischen-marktfuehrer\/#primaryimage\"},\"thumbnailUrl\":\"https:\/\/warex.cz\/app\/uploads\/2025\/11\/oceneni-scaled.png\",\"articleSection\":[\"HINTERGRUND-NACHRICHTEN\"],\"inLanguage\":\"de\",\"potentialAction\":[{\"@type\":\"CommentAction\",\"name\":\"Comment\",\"target\":[\"https:\/\/warex.cz\/de\/aktuality\/hintergrund-nachrichten\/finalist-im-wettbewerb-auszeichnung-der-tschechischen-marktfuehrer\/#respond\"]}]},{\"@type\":\"WebPage\",\"@id\":\"https:\/\/warex.cz\/de\/aktuality\/hintergrund-nachrichten\/finalist-im-wettbewerb-auszeichnung-der-tschechischen-marktfuehrer\/\",\"url\":\"https:\/\/warex.cz\/de\/aktuality\/hintergrund-nachrichten\/finalist-im-wettbewerb-auszeichnung-der-tschechischen-marktfuehrer\/\",\"name\":\"Warex - Finalist im Wettbewerb\",\"isPartOf\":{\"@id\":\"https:\/\/warex.cz\/de\/#website\"},\"primaryImageOfPage\":{\"@id\":\"https:\/\/warex.cz\/de\/aktuality\/hintergrund-nachrichten\/finalist-im-wettbewerb-auszeichnung-der-tschechischen-marktfuehrer\/#primaryimage\"},\"image\":{\"@id\":\"https:\/\/warex.cz\/de\/aktuality\/hintergrund-nachrichten\/finalist-im-wettbewerb-auszeichnung-der-tschechischen-marktfuehrer\/#primaryimage\"},\"thumbnailUrl\":\"https:\/\/warex.cz\/app\/uploads\/2025\/11\/oceneni-scaled.png\",\"datePublished\":\"2025-11-15T08:00:01+00:00\",\"dateModified\":\"2025-11-15T08:00:03+00:00\",\"author\":{\"@id\":\"https:\/\/warex.cz\/de\/#\/schema\/person\/9826157e7431ae05b463018d35a9b5ea\"},\"description\":\"Wir freuen uns, Ihnen mitteilen zu k\u00f6nnen, dass WAREX spol. s r.o. auch in diesem Jahr wieder zu den Finalisten des renommierten Wettbewerbs \u201eAuszeichnung der tschechischen Marktf\u00fchrer\u201c (OCL) geh\u00f6rt.\",\"breadcrumb\":{\"@id\":\"https:\/\/warex.cz\/de\/aktuality\/hintergrund-nachrichten\/finalist-im-wettbewerb-auszeichnung-der-tschechischen-marktfuehrer\/#breadcrumb\"},\"inLanguage\":\"de\",\"potentialAction\":[{\"@type\":\"ReadAction\",\"target\":[\"https:\/\/warex.cz\/de\/aktuality\/hintergrund-nachrichten\/finalist-im-wettbewerb-auszeichnung-der-tschechischen-marktfuehrer\/\"]}]},{\"@type\":\"ImageObject\",\"inLanguage\":\"de\",\"@id\":\"https:\/\/warex.cz\/de\/aktuality\/hintergrund-nachrichten\/finalist-im-wettbewerb-auszeichnung-der-tschechischen-marktfuehrer\/#primaryimage\",\"url\":\"https:\/\/warex.cz\/app\/uploads\/2025\/11\/oceneni-scaled.png\",\"contentUrl\":\"https:\/\/warex.cz\/app\/uploads\/2025\/11\/oceneni-scaled.png\",\"width\":2560,\"height\":1417},{\"@type\":\"BreadcrumbList\",\"@id\":\"https:\/\/warex.cz\/de\/aktuality\/hintergrund-nachrichten\/finalist-im-wettbewerb-auszeichnung-der-tschechischen-marktfuehrer\/#breadcrumb\",\"itemListElement\":[{\"@type\":\"ListItem\",\"position\":1,\"name\":\"Home\",\"item\":\"https:\/\/warex.cz\/de\/\"},{\"@type\":\"ListItem\",\"position\":2,\"name\":\"Finalist im Wettbewerb \u201eAuszeichnung der tschechischen Marktf\u00fchrer\u201c!\"}]},{\"@type\":\"WebSite\",\"@id\":\"https:\/\/warex.cz\/de\/#website\",\"url\":\"https:\/\/warex.cz\/de\/\",\"name\":\"Warex\",\"description\":\"Web spole\u010dnosti Warex\",\"potentialAction\":[{\"@type\":\"SearchAction\",\"target\":{\"@type\":\"EntryPoint\",\"urlTemplate\":\"https:\/\/warex.cz\/de\/?s={search_term_string}\"},\"query-input\":{\"@type\":\"PropertyValueSpecification\",\"valueRequired\":true,\"valueName\":\"search_term_string\"}}],\"inLanguage\":\"de\"},{\"@type\":\"Person\",\"@id\":\"https:\/\/warex.cz\/de\/#\/schema\/person\/9826157e7431ae05b463018d35a9b5ea\",\"name\":\"Miloslav Ju\u0159en\",\"image\":{\"@type\":\"ImageObject\",\"inLanguage\":\"de\",\"@id\":\"https:\/\/warex.cz\/de\/#\/schema\/person\/image\/\",\"url\":\"https:\/\/secure.gravatar.com\/avatar\/3d35f44e2eaeab2aad2e7d8c71c9e96a478e2aa11b67e10d48b562fe03f4fbc0?s=96&d=mm&r=g\",\"contentUrl\":\"https:\/\/secure.gravatar.com\/avatar\/3d35f44e2eaeab2aad2e7d8c71c9e96a478e2aa11b67e10d48b562fe03f4fbc0?s=96&d=mm&r=g\",\"caption\":\"Miloslav Ju\u0159en\"},\"sameAs\":[\"https:\/\/warex.cz\/\"],\"url\":\"https:\/\/warex.cz\/de\/aktuality\/author\/miloslav\/\"}]}<\/script>\n<!-- \/ Yoast SEO plugin. -->","yoast_head_json":{"title":"Warex - Finalist im Wettbewerb","description":"Wir freuen uns, Ihnen mitteilen zu k\u00f6nnen, dass WAREX spol. s r.o. auch in diesem Jahr wieder zu den Finalisten des renommierten Wettbewerbs \u201eAuszeichnung der tschechischen Marktf\u00fchrer\u201c (OCL) geh\u00f6rt.","robots":{"index":"index","follow":"follow","max-snippet":"max-snippet:-1","max-image-preview":"max-image-preview:large","max-video-preview":"max-video-preview:-1"},"canonical":"https:\/\/warex.cz\/de\/aktuality\/hintergrund-nachrichten\/finalist-im-wettbewerb-auszeichnung-der-tschechischen-marktfuehrer\/","og_locale":"de_DE","og_type":"article","og_title":"Warex - Finalist im Wettbewerb","og_description":"Wir freuen uns, Ihnen mitteilen zu k\u00f6nnen, dass WAREX spol. s r.o. auch in diesem Jahr wieder zu den Finalisten des renommierten Wettbewerbs \u201eAuszeichnung der tschechischen Marktf\u00fchrer\u201c (OCL) geh\u00f6rt.","og_url":"https:\/\/warex.cz\/de\/aktuality\/hintergrund-nachrichten\/finalist-im-wettbewerb-auszeichnung-der-tschechischen-marktfuehrer\/","og_site_name":"Warex","article_publisher":"https:\/\/www.facebook.com\/WarexCzech\/notifications\/","article_published_time":"2025-11-15T08:00:01+00:00","article_modified_time":"2025-11-15T08:00:03+00:00","og_image":[{"width":2560,"height":1417,"url":"https:\/\/warex.cz\/app\/uploads\/2025\/11\/oceneni-scaled.png","type":"image\/png"}],"author":"Miloslav Ju\u0159en","twitter_card":"summary_large_image","twitter_misc":{"Verfasst von":"Miloslav Ju\u0159en","Gesch\u00e4tzte Lesezeit":"1\u00a0Minute"},"schema":{"@context":"https:\/\/schema.org","@graph":[{"@type":"Article","@id":"https:\/\/warex.cz\/de\/aktuality\/hintergrund-nachrichten\/finalist-im-wettbewerb-auszeichnung-der-tschechischen-marktfuehrer\/#article","isPartOf":{"@id":"https:\/\/warex.cz\/de\/aktuality\/hintergrund-nachrichten\/finalist-im-wettbewerb-auszeichnung-der-tschechischen-marktfuehrer\/"},"author":{"name":"Miloslav Ju\u0159en","@id":"https:\/\/warex.cz\/de\/#\/schema\/person\/9826157e7431ae05b463018d35a9b5ea"},"headline":"Finalist im Wettbewerb \u201eAuszeichnung der tschechischen Marktf\u00fchrer\u201c!","datePublished":"2025-11-15T08:00:01+00:00","dateModified":"2025-11-15T08:00:03+00:00","mainEntityOfPage":{"@id":"https:\/\/warex.cz\/de\/aktuality\/hintergrund-nachrichten\/finalist-im-wettbewerb-auszeichnung-der-tschechischen-marktfuehrer\/"},"wordCount":176,"commentCount":0,"image":{"@id":"https:\/\/warex.cz\/de\/aktuality\/hintergrund-nachrichten\/finalist-im-wettbewerb-auszeichnung-der-tschechischen-marktfuehrer\/#primaryimage"},"thumbnailUrl":"https:\/\/warex.cz\/app\/uploads\/2025\/11\/oceneni-scaled.png","articleSection":["HINTERGRUND-NACHRICHTEN"],"inLanguage":"de","potentialAction":[{"@type":"CommentAction","name":"Comment","target":["https:\/\/warex.cz\/de\/aktuality\/hintergrund-nachrichten\/finalist-im-wettbewerb-auszeichnung-der-tschechischen-marktfuehrer\/#respond"]}]},{"@type":"WebPage","@id":"https:\/\/warex.cz\/de\/aktuality\/hintergrund-nachrichten\/finalist-im-wettbewerb-auszeichnung-der-tschechischen-marktfuehrer\/","url":"https:\/\/warex.cz\/de\/aktuality\/hintergrund-nachrichten\/finalist-im-wettbewerb-auszeichnung-der-tschechischen-marktfuehrer\/","name":"Warex - Finalist im Wettbewerb","isPartOf":{"@id":"https:\/\/warex.cz\/de\/#website"},"primaryImageOfPage":{"@id":"https:\/\/warex.cz\/de\/aktuality\/hintergrund-nachrichten\/finalist-im-wettbewerb-auszeichnung-der-tschechischen-marktfuehrer\/#primaryimage"},"image":{"@id":"https:\/\/warex.cz\/de\/aktuality\/hintergrund-nachrichten\/finalist-im-wettbewerb-auszeichnung-der-tschechischen-marktfuehrer\/#primaryimage"},"thumbnailUrl":"https:\/\/warex.cz\/app\/uploads\/2025\/11\/oceneni-scaled.png","datePublished":"2025-11-15T08:00:01+00:00","dateModified":"2025-11-15T08:00:03+00:00","author":{"@id":"https:\/\/warex.cz\/de\/#\/schema\/person\/9826157e7431ae05b463018d35a9b5ea"},"description":"Wir freuen uns, Ihnen mitteilen zu k\u00f6nnen, dass WAREX spol. s r.o. auch in diesem Jahr wieder zu den Finalisten des renommierten Wettbewerbs \u201eAuszeichnung der tschechischen Marktf\u00fchrer\u201c (OCL) geh\u00f6rt.","breadcrumb":{"@id":"https:\/\/warex.cz\/de\/aktuality\/hintergrund-nachrichten\/finalist-im-wettbewerb-auszeichnung-der-tschechischen-marktfuehrer\/#breadcrumb"},"inLanguage":"de","potentialAction":[{"@type":"ReadAction","target":["https:\/\/warex.cz\/de\/aktuality\/hintergrund-nachrichten\/finalist-im-wettbewerb-auszeichnung-der-tschechischen-marktfuehrer\/"]}]},{"@type":"ImageObject","inLanguage":"de","@id":"https:\/\/warex.cz\/de\/aktuality\/hintergrund-nachrichten\/finalist-im-wettbewerb-auszeichnung-der-tschechischen-marktfuehrer\/#primaryimage","url":"https:\/\/warex.cz\/app\/uploads\/2025\/11\/oceneni-scaled.png","contentUrl":"https:\/\/warex.cz\/app\/uploads\/2025\/11\/oceneni-scaled.png","width":2560,"height":1417},{"@type":"BreadcrumbList","@id":"https:\/\/warex.cz\/de\/aktuality\/hintergrund-nachrichten\/finalist-im-wettbewerb-auszeichnung-der-tschechischen-marktfuehrer\/#breadcrumb","itemListElement":[{"@type":"ListItem","position":1,"name":"Home","item":"https:\/\/warex.cz\/de\/"},{"@type":"ListItem","position":2,"name":"Finalist im Wettbewerb \u201eAuszeichnung der tschechischen Marktf\u00fchrer\u201c!"}]},{"@type":"WebSite","@id":"https:\/\/warex.cz\/de\/#website","url":"https:\/\/warex.cz\/de\/","name":"Warex","description":"Web spole\u010dnosti Warex","potentialAction":[{"@type":"SearchAction","target":{"@type":"EntryPoint","urlTemplate":"https:\/\/warex.cz\/de\/?s={search_term_string}"},"query-input":{"@type":"PropertyValueSpecification","valueRequired":true,"valueName":"search_term_string"}}],"inLanguage":"de"},{"@type":"Person","@id":"https:\/\/warex.cz\/de\/#\/schema\/person\/9826157e7431ae05b463018d35a9b5ea","name":"Miloslav Ju\u0159en","image":{"@type":"ImageObject","inLanguage":"de","@id":"https:\/\/warex.cz\/de\/#\/schema\/person\/image\/","url":"https:\/\/secure.gravatar.com\/avatar\/3d35f44e2eaeab2aad2e7d8c71c9e96a478e2aa11b67e10d48b562fe03f4fbc0?s=96&d=mm&r=g","contentUrl":"https:\/\/secure.gravatar.com\/avatar\/3d35f44e2eaeab2aad2e7d8c71c9e96a478e2aa11b67e10d48b562fe03f4fbc0?s=96&d=mm&r=g","caption":"Miloslav Ju\u0159en"},"sameAs":["https:\/\/warex.cz\/"],"url":"https:\/\/warex.cz\/de\/aktuality\/author\/miloslav\/"}]}},"_links":{"self":[{"href":"https:\/\/warex.cz\/de\/wp-json\/wp\/v2\/posts\/18695","targetHints":{"allow":["GET"]}}],"collection":[{"href":"https:\/\/warex.cz\/de\/wp-json\/wp\/v2\/posts"}],"about":[{"href":"https:\/\/warex.cz\/de\/wp-json\/wp\/v2\/types\/post"}],"author":[{"embeddable":true,"href":"https:\/\/warex.cz\/de\/wp-json\/wp\/v2\/users\/13"}],"replies":[{"embeddable":true,"href":"https:\/\/warex.cz\/de\/wp-json\/wp\/v2\/comments?post=18695"}],"version-history":[{"count":1,"href":"https:\/\/warex.cz\/de\/wp-json\/wp\/v2\/posts\/18695\/revisions"}],"predecessor-version":[{"id":18696,"href":"https:\/\/warex.cz\/de\/wp-json\/wp\/v2\/posts\/18695\/revisions\/18696"}],"wp:featuredmedia":[{"embeddable":true,"href":"https:\/\/warex.cz\/de\/wp-json\/wp\/v2\/media\/18689"}],"wp:attachment":[{"href":"https:\/\/warex.cz\/de\/wp-json\/wp\/v2\/media?parent=18695"}],"wp:term":[{"taxonomy":"category","embeddable":true,"href":"https:\/\/warex.cz\/de\/wp-json\/wp\/v2\/categories?post=18695"},{"taxonomy":"post_tag","embeddable":true,"href":"https:\/\/warex.cz\/de\/wp-json\/wp\/v2\/tags?post=18695"}],"curies":[{"name":"wp","href":"https:\/\/api.w.org\/{rel}","templated":true}]}}