{"id":3614,"date":"2020-06-18T11:49:09","date_gmt":"2020-06-18T11:49:09","guid":{"rendered":"https:\/\/warex.cz\/aktuality\/unkategorisiert\/warex-ocelove-konstrukce-vystavba-vyrobni-haly-misto-cz-javornik\/"},"modified":"2020-07-13T11:04:59","modified_gmt":"2020-07-13T11:04:59","slug":"warex-stahlkonstruktionen-bauarbeiten-an-einer-neuen-produktionshalle","status":"publish","type":"post","link":"https:\/\/warex.cz\/de\/aktuality\/hintergrund-nachrichten\/warex-stahlkonstruktionen-bauarbeiten-an-einer-neuen-produktionshalle\/","title":{"rendered":"Warex Stahlkonstruktionen &#8211; Aufbau einer neuen Produktionshalle"},"content":{"rendered":"\n<p class=\"has-text-align-left\">Es  ist an der Zeit, die Wirtschaftsrezession in zuk\u00fcnftige M\u00f6glichkeiten  zu verwandeln. Warex hat sehr effektiv seine vorl\u00e4ufig freien  Kapazit\u00e4ten, zum Revitalisieren und Aufbau von  h\u00f6herem Produktionsvolumen seiner drei Divisionen genutzt, um in der  Lage zu sein, auch die sehr anspruchsvollen Volumenanforderungen unserer  Kunden gerecht zu werden. <\/p>\n\n\n\n<p class=\"has-text-align-left\">Wo sonst, als in der Region, wo wir \u201ezu  Hause\u201c sind &#8211; In Javorn\u00edk, bauen wir eine weitere  Produktionshalle, mit moderner Technologie der Automatisierung und  Robotisierung auf. <\/p>\n\n\n\n<figure class=\"wp-block-gallery columns-3 is-cropped wp-block-gallery-1 is-layout-flex wp-block-gallery-is-layout-flex\"><ul class=\"blocks-gallery-grid\"><li class=\"blocks-gallery-item\"><figure><a href=\"https:\/\/warex.cz\/app\/uploads\/2020\/06\/Warex-pron\u00e1jem-obytn\u00fdch-kontejner\u016f3-2.jpg\"><img loading=\"lazy\" decoding=\"async\" width=\"960\" height=\"720\" src=\"https:\/\/warex.cz\/app\/uploads\/2020\/06\/Warex-pron\u00e1jem-obytn\u00fdch-kontejner\u016f3-2.jpg\" alt=\"\" data-id=\"3624\" data-full-url=\"https:\/\/warex.cz\/app\/uploads\/2020\/06\/Warex-pron\u00e1jem-obytn\u00fdch-kontejner\u016f3-2.jpg\" data-link=\"https:\/\/warex.cz\/de\/aktuality\/hintergrund-nachrichten\/warex-ocelove-konstrukce-vystavba-vyrobni-haly-misto-cz-javornik\/attachment\/warex-pronajem-obytnych-kontejneru3\/\" class=\"wp-image-3624\" srcset=\"https:\/\/warex.cz\/app\/uploads\/2020\/06\/Warex-pron\u00e1jem-obytn\u00fdch-kontejner\u016f3-2.jpg 960w, https:\/\/warex.cz\/app\/uploads\/2020\/06\/Warex-pron\u00e1jem-obytn\u00fdch-kontejner\u016f3-2-300x225.jpg 300w, https:\/\/warex.cz\/app\/uploads\/2020\/06\/Warex-pron\u00e1jem-obytn\u00fdch-kontejner\u016f3-2-768x576.jpg 768w\" sizes=\"auto, (max-width: 960px) 100vw, 960px\" \/><\/a><\/figure><\/li><li class=\"blocks-gallery-item\"><figure><a href=\"https:\/\/warex.cz\/app\/uploads\/2020\/06\/Warex-pron\u00e1jem-obytn\u00fdch-kontejner\u016f8-2.jpg\"><img loading=\"lazy\" decoding=\"async\" width=\"960\" height=\"720\" src=\"https:\/\/warex.cz\/app\/uploads\/2020\/06\/Warex-pron\u00e1jem-obytn\u00fdch-kontejner\u016f8-2.jpg\" alt=\"\" data-id=\"3639\" data-full-url=\"https:\/\/warex.cz\/app\/uploads\/2020\/06\/Warex-pron\u00e1jem-obytn\u00fdch-kontejner\u016f8-2.jpg\" data-link=\"https:\/\/warex.cz\/de\/aktuality\/hintergrund-nachrichten\/warex-ocelove-konstrukce-vystavba-vyrobni-haly-misto-cz-javornik\/attachment\/warex-pronajem-obytnych-kontejneru8\/\" class=\"wp-image-3639\" srcset=\"https:\/\/warex.cz\/app\/uploads\/2020\/06\/Warex-pron\u00e1jem-obytn\u00fdch-kontejner\u016f8-2.jpg 960w, https:\/\/warex.cz\/app\/uploads\/2020\/06\/Warex-pron\u00e1jem-obytn\u00fdch-kontejner\u016f8-2-300x225.jpg 300w, https:\/\/warex.cz\/app\/uploads\/2020\/06\/Warex-pron\u00e1jem-obytn\u00fdch-kontejner\u016f8-2-768x576.jpg 768w\" sizes=\"auto, (max-width: 960px) 100vw, 960px\" \/><\/a><\/figure><\/li><li class=\"blocks-gallery-item\"><figure><a href=\"https:\/\/warex.cz\/app\/uploads\/2020\/06\/Warex-pron\u00e1jem-obytn\u00fdch-kontejner\u016f4-2.jpg\"><img loading=\"lazy\" decoding=\"async\" width=\"960\" height=\"441\" src=\"https:\/\/warex.cz\/app\/uploads\/2020\/06\/Warex-pron\u00e1jem-obytn\u00fdch-kontejner\u016f4-2.jpg\" alt=\"\" data-id=\"3627\" data-full-url=\"https:\/\/warex.cz\/app\/uploads\/2020\/06\/Warex-pron\u00e1jem-obytn\u00fdch-kontejner\u016f4-2.jpg\" data-link=\"https:\/\/warex.cz\/de\/aktuality\/hintergrund-nachrichten\/warex-ocelove-konstrukce-vystavba-vyrobni-haly-misto-cz-javornik\/attachment\/warex-pronajem-obytnych-kontejneru4\/\" class=\"wp-image-3627\" srcset=\"https:\/\/warex.cz\/app\/uploads\/2020\/06\/Warex-pron\u00e1jem-obytn\u00fdch-kontejner\u016f4-2.jpg 960w, https:\/\/warex.cz\/app\/uploads\/2020\/06\/Warex-pron\u00e1jem-obytn\u00fdch-kontejner\u016f4-2-300x138.jpg 300w, https:\/\/warex.cz\/app\/uploads\/2020\/06\/Warex-pron\u00e1jem-obytn\u00fdch-kontejner\u016f4-2-768x353.jpg 768w\" sizes=\"auto, (max-width: 960px) 100vw, 960px\" \/><\/a><figcaption class=\"blocks-gallery-item__caption\"> <\/figcaption><\/figure><\/li><li class=\"blocks-gallery-item\"><figure><a href=\"https:\/\/warex.cz\/app\/uploads\/2020\/06\/Warex-pron\u00e1jem-obytn\u00fdch-kontejner\u016f-2.jpg\"><img loading=\"lazy\" decoding=\"async\" width=\"960\" height=\"720\" src=\"https:\/\/warex.cz\/app\/uploads\/2020\/06\/Warex-pron\u00e1jem-obytn\u00fdch-kontejner\u016f-2.jpg\" alt=\"\" data-id=\"3618\" data-full-url=\"https:\/\/warex.cz\/app\/uploads\/2020\/06\/Warex-pron\u00e1jem-obytn\u00fdch-kontejner\u016f-2.jpg\" data-link=\"https:\/\/warex.cz\/de\/aktuality\/hintergrund-nachrichten\/warex-ocelove-konstrukce-vystavba-vyrobni-haly-misto-cz-javornik\/attachment\/warex-pronajem-obytnych-kontejneru\/\" class=\"wp-image-3618\" srcset=\"https:\/\/warex.cz\/app\/uploads\/2020\/06\/Warex-pron\u00e1jem-obytn\u00fdch-kontejner\u016f-2.jpg 960w, https:\/\/warex.cz\/app\/uploads\/2020\/06\/Warex-pron\u00e1jem-obytn\u00fdch-kontejner\u016f-2-300x225.jpg 300w, https:\/\/warex.cz\/app\/uploads\/2020\/06\/Warex-pron\u00e1jem-obytn\u00fdch-kontejner\u016f-2-768x576.jpg 768w\" sizes=\"auto, (max-width: 960px) 100vw, 960px\" \/><\/a><\/figure><\/li><li class=\"blocks-gallery-item\"><figure><a href=\"https:\/\/warex.cz\/app\/uploads\/2020\/06\/Warex-pron\u00e1jem-obytn\u00fdch-kontejner\u016f7-2.jpg\"><img loading=\"lazy\" decoding=\"async\" width=\"720\" height=\"960\" src=\"https:\/\/warex.cz\/app\/uploads\/2020\/06\/Warex-pron\u00e1jem-obytn\u00fdch-kontejner\u016f7-2.jpg\" alt=\"\" data-id=\"3636\" data-full-url=\"https:\/\/warex.cz\/app\/uploads\/2020\/06\/Warex-pron\u00e1jem-obytn\u00fdch-kontejner\u016f7-2.jpg\" data-link=\"https:\/\/warex.cz\/de\/aktuality\/hintergrund-nachrichten\/warex-ocelove-konstrukce-vystavba-vyrobni-haly-misto-cz-javornik\/attachment\/warex-pronajem-obytnych-kontejneru7\/\" class=\"wp-image-3636\" srcset=\"https:\/\/warex.cz\/app\/uploads\/2020\/06\/Warex-pron\u00e1jem-obytn\u00fdch-kontejner\u016f7-2.jpg 720w, https:\/\/warex.cz\/app\/uploads\/2020\/06\/Warex-pron\u00e1jem-obytn\u00fdch-kontejner\u016f7-2-225x300.jpg 225w\" sizes=\"auto, (max-width: 720px) 100vw, 720px\" \/><\/a><figcaption class=\"blocks-gallery-item__caption\"> <\/figcaption><\/figure><\/li><li class=\"blocks-gallery-item\"><figure><a href=\"https:\/\/warex.cz\/app\/uploads\/2020\/06\/Warex-pron\u00e1jem-obytn\u00fdch-kontejner\u016f2-2.jpg\"><img loading=\"lazy\" decoding=\"async\" width=\"960\" height=\"652\" src=\"https:\/\/warex.cz\/app\/uploads\/2020\/06\/Warex-pron\u00e1jem-obytn\u00fdch-kontejner\u016f2-2.jpg\" alt=\"\" data-id=\"3621\" data-full-url=\"https:\/\/warex.cz\/app\/uploads\/2020\/06\/Warex-pron\u00e1jem-obytn\u00fdch-kontejner\u016f2-2.jpg\" data-link=\"https:\/\/warex.cz\/de\/aktuality\/hintergrund-nachrichten\/warex-ocelove-konstrukce-vystavba-vyrobni-haly-misto-cz-javornik\/attachment\/warex-pronajem-obytnych-kontejneru2\/\" class=\"wp-image-3621\" srcset=\"https:\/\/warex.cz\/app\/uploads\/2020\/06\/Warex-pron\u00e1jem-obytn\u00fdch-kontejner\u016f2-2.jpg 960w, https:\/\/warex.cz\/app\/uploads\/2020\/06\/Warex-pron\u00e1jem-obytn\u00fdch-kontejner\u016f2-2-300x204.jpg 300w, https:\/\/warex.cz\/app\/uploads\/2020\/06\/Warex-pron\u00e1jem-obytn\u00fdch-kontejner\u016f2-2-768x522.jpg 768w\" sizes=\"auto, (max-width: 960px) 100vw, 960px\" \/><\/a><\/figure><\/li><li class=\"blocks-gallery-item\"><figure><a href=\"https:\/\/warex.cz\/app\/uploads\/2020\/06\/Warex-pron\u00e1jem-obytn\u00fdch-kontejner\u016f6-2.jpg\"><img loading=\"lazy\" decoding=\"async\" width=\"720\" height=\"960\" src=\"https:\/\/warex.cz\/app\/uploads\/2020\/06\/Warex-pron\u00e1jem-obytn\u00fdch-kontejner\u016f6-2.jpg\" alt=\"\" data-id=\"3633\" data-full-url=\"https:\/\/warex.cz\/app\/uploads\/2020\/06\/Warex-pron\u00e1jem-obytn\u00fdch-kontejner\u016f6-2.jpg\" data-link=\"https:\/\/warex.cz\/de\/aktuality\/hintergrund-nachrichten\/warex-ocelove-konstrukce-vystavba-vyrobni-haly-misto-cz-javornik\/attachment\/warex-pronajem-obytnych-kontejneru6\/\" class=\"wp-image-3633\" srcset=\"https:\/\/warex.cz\/app\/uploads\/2020\/06\/Warex-pron\u00e1jem-obytn\u00fdch-kontejner\u016f6-2.jpg 720w, https:\/\/warex.cz\/app\/uploads\/2020\/06\/Warex-pron\u00e1jem-obytn\u00fdch-kontejner\u016f6-2-225x300.jpg 225w\" sizes=\"auto, (max-width: 720px) 100vw, 720px\" \/><\/a><\/figure><\/li><li class=\"blocks-gallery-item\"><figure><a href=\"https:\/\/warex.cz\/app\/uploads\/2020\/06\/Warex-pron\u00e1jem-obytn\u00fdch-kontejner\u016f9-2.jpg\"><img loading=\"lazy\" decoding=\"async\" width=\"960\" height=\"218\" src=\"https:\/\/warex.cz\/app\/uploads\/2020\/06\/Warex-pron\u00e1jem-obytn\u00fdch-kontejner\u016f9-2.jpg\" alt=\"\" data-id=\"3642\" data-full-url=\"https:\/\/warex.cz\/app\/uploads\/2020\/06\/Warex-pron\u00e1jem-obytn\u00fdch-kontejner\u016f9-2.jpg\" data-link=\"https:\/\/warex.cz\/de\/aktuality\/hintergrund-nachrichten\/warex-ocelove-konstrukce-vystavba-vyrobni-haly-misto-cz-javornik\/attachment\/warex-pronajem-obytnych-kontejneru9\/\" class=\"wp-image-3642\" srcset=\"https:\/\/warex.cz\/app\/uploads\/2020\/06\/Warex-pron\u00e1jem-obytn\u00fdch-kontejner\u016f9-2.jpg 960w, https:\/\/warex.cz\/app\/uploads\/2020\/06\/Warex-pron\u00e1jem-obytn\u00fdch-kontejner\u016f9-2-300x68.jpg 300w, https:\/\/warex.cz\/app\/uploads\/2020\/06\/Warex-pron\u00e1jem-obytn\u00fdch-kontejner\u016f9-2-768x174.jpg 768w\" sizes=\"auto, (max-width: 960px) 100vw, 960px\" \/><\/a><\/figure><\/li><li class=\"blocks-gallery-item\"><figure><a href=\"https:\/\/warex.cz\/app\/uploads\/2020\/06\/Warex-pron\u00e1jem-obytn\u00fdch-kontejner\u016f5-2.jpg\"><img loading=\"lazy\" decoding=\"async\" width=\"960\" height=\"413\" src=\"https:\/\/warex.cz\/app\/uploads\/2020\/06\/Warex-pron\u00e1jem-obytn\u00fdch-kontejner\u016f5-2.jpg\" alt=\"\" data-id=\"3630\" data-full-url=\"https:\/\/warex.cz\/app\/uploads\/2020\/06\/Warex-pron\u00e1jem-obytn\u00fdch-kontejner\u016f5-2.jpg\" data-link=\"https:\/\/warex.cz\/de\/aktuality\/hintergrund-nachrichten\/warex-ocelove-konstrukce-vystavba-vyrobni-haly-misto-cz-javornik\/attachment\/warex-pronajem-obytnych-kontejneru5\/\" class=\"wp-image-3630\" srcset=\"https:\/\/warex.cz\/app\/uploads\/2020\/06\/Warex-pron\u00e1jem-obytn\u00fdch-kontejner\u016f5-2.jpg 960w, https:\/\/warex.cz\/app\/uploads\/2020\/06\/Warex-pron\u00e1jem-obytn\u00fdch-kontejner\u016f5-2-300x129.jpg 300w, https:\/\/warex.cz\/app\/uploads\/2020\/06\/Warex-pron\u00e1jem-obytn\u00fdch-kontejner\u016f5-2-768x330.jpg 768w\" sizes=\"auto, (max-width: 960px) 100vw, 960px\" \/><\/a><figcaption class=\"blocks-gallery-item__caption\"> <\/figcaption><\/figure><\/li><\/ul><\/figure>\n","protected":false},"excerpt":{"rendered":"<p>Es ist die Zeit gekommen, in der der wirtschaftliche Abschwung aufgrund der Pandemiesituation notwendig ist, um zuk\u00fcnftige Chancen zu nutzen.<\/p>\n","protected":false},"author":11,"featured_media":3576,"comment_status":"open","ping_status":"open","sticky":false,"template":"","format":"standard","meta":{"_acf_changed":false,"footnotes":""},"categories":[38],"tags":[],"class_list":["post-3614","post","type-post","status-publish","format-standard","has-post-thumbnail","hentry","category-hintergrund-nachrichten"],"acf":[],"yoast_head":"<!-- This site is optimized with the Yoast SEO plugin v26.9 - https:\/\/yoast.com\/product\/yoast-seo-wordpress\/ -->\n<title>WAREX Stahlkonstruktionen - Bauarbeiten an einer NEUEN Produktionshalle<\/title>\n<meta name=\"description\" content=\"Es ist die Zeit gekommen, in der der wirtschaftliche Abschwung aufgrund der Pandemiesituation notwendig ist, um zuk\u00fcnftige Chancen zu nutzen.\" \/>\n<meta name=\"robots\" content=\"index, follow, max-snippet:-1, max-image-preview:large, max-video-preview:-1\" \/>\n<link rel=\"canonical\" href=\"https:\/\/warex.cz\/de\/aktuality\/hintergrund-nachrichten\/warex-stahlkonstruktionen-bauarbeiten-an-einer-neuen-produktionshalle\/\" \/>\n<meta property=\"og:locale\" content=\"de_DE\" \/>\n<meta property=\"og:type\" content=\"article\" \/>\n<meta property=\"og:title\" content=\"WAREX Stahlkonstruktionen - Bauarbeiten an einer NEUEN Produktionshalle\" \/>\n<meta property=\"og:description\" content=\"Es ist die Zeit gekommen, in der der wirtschaftliche Abschwung aufgrund der Pandemiesituation notwendig ist, um zuk\u00fcnftige Chancen zu nutzen.\" \/>\n<meta property=\"og:url\" content=\"https:\/\/warex.cz\/de\/aktuality\/hintergrund-nachrichten\/warex-stahlkonstruktionen-bauarbeiten-an-einer-neuen-produktionshalle\/\" \/>\n<meta property=\"og:site_name\" content=\"Warex\" \/>\n<meta property=\"article:publisher\" content=\"https:\/\/www.facebook.com\/WarexCzech\/notifications\/\" \/>\n<meta property=\"article:published_time\" content=\"2020-06-18T11:49:09+00:00\" \/>\n<meta property=\"article:modified_time\" content=\"2020-07-13T11:04:59+00:00\" \/>\n<meta property=\"og:image\" content=\"https:\/\/warex.cz\/app\/uploads\/2020\/06\/Warex-pron\u00e1jem-obytn\u00fdch-kontejner\u016f9.jpg\" \/>\n\t<meta property=\"og:image:width\" content=\"960\" \/>\n\t<meta property=\"og:image:height\" content=\"218\" \/>\n\t<meta property=\"og:image:type\" content=\"image\/jpeg\" \/>\n<meta name=\"author\" content=\"Bruno Dirb\u00e1k\" \/>\n<meta name=\"twitter:card\" content=\"summary_large_image\" \/>\n<meta name=\"twitter:label1\" content=\"Verfasst von\" \/>\n\t<meta name=\"twitter:data1\" content=\"Bruno Dirb\u00e1k\" \/>\n<script type=\"application\/ld+json\" class=\"yoast-schema-graph\">{\"@context\":\"https:\/\/schema.org\",\"@graph\":[{\"@type\":\"Article\",\"@id\":\"https:\/\/warex.cz\/de\/aktuality\/hintergrund-nachrichten\/warex-stahlkonstruktionen-bauarbeiten-an-einer-neuen-produktionshalle\/#article\",\"isPartOf\":{\"@id\":\"https:\/\/warex.cz\/de\/aktuality\/hintergrund-nachrichten\/warex-stahlkonstruktionen-bauarbeiten-an-einer-neuen-produktionshalle\/\"},\"author\":{\"name\":\"Bruno Dirb\u00e1k\",\"@id\":\"https:\/\/warex.cz\/de\/#\/schema\/person\/13fc7115bc8df48336b7b79e6efa3f11\"},\"headline\":\"Warex Stahlkonstruktionen &#8211; Aufbau einer neuen Produktionshalle\",\"datePublished\":\"2020-06-18T11:49:09+00:00\",\"dateModified\":\"2020-07-13T11:04:59+00:00\",\"mainEntityOfPage\":{\"@id\":\"https:\/\/warex.cz\/de\/aktuality\/hintergrund-nachrichten\/warex-stahlkonstruktionen-bauarbeiten-an-einer-neuen-produktionshalle\/\"},\"wordCount\":87,\"commentCount\":0,\"image\":{\"@id\":\"https:\/\/warex.cz\/de\/aktuality\/hintergrund-nachrichten\/warex-stahlkonstruktionen-bauarbeiten-an-einer-neuen-produktionshalle\/#primaryimage\"},\"thumbnailUrl\":\"https:\/\/warex.cz\/app\/uploads\/2020\/06\/Warex-pron\u00e1jem-obytn\u00fdch-kontejner\u016f9.jpg\",\"articleSection\":[\"HINTERGRUND-NACHRICHTEN\"],\"inLanguage\":\"de\",\"potentialAction\":[{\"@type\":\"CommentAction\",\"name\":\"Comment\",\"target\":[\"https:\/\/warex.cz\/de\/aktuality\/hintergrund-nachrichten\/warex-stahlkonstruktionen-bauarbeiten-an-einer-neuen-produktionshalle\/#respond\"]}]},{\"@type\":\"WebPage\",\"@id\":\"https:\/\/warex.cz\/de\/aktuality\/hintergrund-nachrichten\/warex-stahlkonstruktionen-bauarbeiten-an-einer-neuen-produktionshalle\/\",\"url\":\"https:\/\/warex.cz\/de\/aktuality\/hintergrund-nachrichten\/warex-stahlkonstruktionen-bauarbeiten-an-einer-neuen-produktionshalle\/\",\"name\":\"WAREX Stahlkonstruktionen - Bauarbeiten an einer NEUEN Produktionshalle\",\"isPartOf\":{\"@id\":\"https:\/\/warex.cz\/de\/#website\"},\"primaryImageOfPage\":{\"@id\":\"https:\/\/warex.cz\/de\/aktuality\/hintergrund-nachrichten\/warex-stahlkonstruktionen-bauarbeiten-an-einer-neuen-produktionshalle\/#primaryimage\"},\"image\":{\"@id\":\"https:\/\/warex.cz\/de\/aktuality\/hintergrund-nachrichten\/warex-stahlkonstruktionen-bauarbeiten-an-einer-neuen-produktionshalle\/#primaryimage\"},\"thumbnailUrl\":\"https:\/\/warex.cz\/app\/uploads\/2020\/06\/Warex-pron\u00e1jem-obytn\u00fdch-kontejner\u016f9.jpg\",\"datePublished\":\"2020-06-18T11:49:09+00:00\",\"dateModified\":\"2020-07-13T11:04:59+00:00\",\"author\":{\"@id\":\"https:\/\/warex.cz\/de\/#\/schema\/person\/13fc7115bc8df48336b7b79e6efa3f11\"},\"description\":\"Es ist die Zeit gekommen, in der der wirtschaftliche Abschwung aufgrund der Pandemiesituation notwendig ist, um zuk\u00fcnftige Chancen zu nutzen.\",\"breadcrumb\":{\"@id\":\"https:\/\/warex.cz\/de\/aktuality\/hintergrund-nachrichten\/warex-stahlkonstruktionen-bauarbeiten-an-einer-neuen-produktionshalle\/#breadcrumb\"},\"inLanguage\":\"de\",\"potentialAction\":[{\"@type\":\"ReadAction\",\"target\":[\"https:\/\/warex.cz\/de\/aktuality\/hintergrund-nachrichten\/warex-stahlkonstruktionen-bauarbeiten-an-einer-neuen-produktionshalle\/\"]}]},{\"@type\":\"ImageObject\",\"inLanguage\":\"de\",\"@id\":\"https:\/\/warex.cz\/de\/aktuality\/hintergrund-nachrichten\/warex-stahlkonstruktionen-bauarbeiten-an-einer-neuen-produktionshalle\/#primaryimage\",\"url\":\"https:\/\/warex.cz\/app\/uploads\/2020\/06\/Warex-pron\u00e1jem-obytn\u00fdch-kontejner\u016f9.jpg\",\"contentUrl\":\"https:\/\/warex.cz\/app\/uploads\/2020\/06\/Warex-pron\u00e1jem-obytn\u00fdch-kontejner\u016f9.jpg\",\"width\":960,\"height\":218,\"caption\":\"Warex-pron\u00e1jem-obytn\u00fdch-kontejner\u016f\"},{\"@type\":\"BreadcrumbList\",\"@id\":\"https:\/\/warex.cz\/de\/aktuality\/hintergrund-nachrichten\/warex-stahlkonstruktionen-bauarbeiten-an-einer-neuen-produktionshalle\/#breadcrumb\",\"itemListElement\":[{\"@type\":\"ListItem\",\"position\":1,\"name\":\"Home\",\"item\":\"https:\/\/warex.cz\/de\/\"},{\"@type\":\"ListItem\",\"position\":2,\"name\":\"Warex Stahlkonstruktionen &#8211; Aufbau einer neuen Produktionshalle\"}]},{\"@type\":\"WebSite\",\"@id\":\"https:\/\/warex.cz\/de\/#website\",\"url\":\"https:\/\/warex.cz\/de\/\",\"name\":\"Warex\",\"description\":\"Web spole\u010dnosti Warex\",\"potentialAction\":[{\"@type\":\"SearchAction\",\"target\":{\"@type\":\"EntryPoint\",\"urlTemplate\":\"https:\/\/warex.cz\/de\/?s={search_term_string}\"},\"query-input\":{\"@type\":\"PropertyValueSpecification\",\"valueRequired\":true,\"valueName\":\"search_term_string\"}}],\"inLanguage\":\"de\"},{\"@type\":\"Person\",\"@id\":\"https:\/\/warex.cz\/de\/#\/schema\/person\/13fc7115bc8df48336b7b79e6efa3f11\",\"name\":\"Bruno Dirb\u00e1k\",\"image\":{\"@type\":\"ImageObject\",\"inLanguage\":\"de\",\"@id\":\"https:\/\/warex.cz\/de\/#\/schema\/person\/image\/\",\"url\":\"https:\/\/secure.gravatar.com\/avatar\/0fd31955cc8ca42a94131687204cc2cb4b9b9b0d09aeb5c9f60604cb13700b33?s=96&d=mm&r=g\",\"contentUrl\":\"https:\/\/secure.gravatar.com\/avatar\/0fd31955cc8ca42a94131687204cc2cb4b9b9b0d09aeb5c9f60604cb13700b33?s=96&d=mm&r=g\",\"caption\":\"Bruno Dirb\u00e1k\"},\"sameAs\":[\"https:\/\/warex.cz\/\"],\"url\":\"https:\/\/warex.cz\/de\/aktuality\/author\/bruno\/\"}]}<\/script>\n<!-- \/ Yoast SEO plugin. -->","yoast_head_json":{"title":"WAREX Stahlkonstruktionen - Bauarbeiten an einer NEUEN Produktionshalle","description":"Es ist die Zeit gekommen, in der der wirtschaftliche Abschwung aufgrund der Pandemiesituation notwendig ist, um zuk\u00fcnftige Chancen zu nutzen.","robots":{"index":"index","follow":"follow","max-snippet":"max-snippet:-1","max-image-preview":"max-image-preview:large","max-video-preview":"max-video-preview:-1"},"canonical":"https:\/\/warex.cz\/de\/aktuality\/hintergrund-nachrichten\/warex-stahlkonstruktionen-bauarbeiten-an-einer-neuen-produktionshalle\/","og_locale":"de_DE","og_type":"article","og_title":"WAREX Stahlkonstruktionen - Bauarbeiten an einer NEUEN Produktionshalle","og_description":"Es ist die Zeit gekommen, in der der wirtschaftliche Abschwung aufgrund der Pandemiesituation notwendig ist, um zuk\u00fcnftige Chancen zu nutzen.","og_url":"https:\/\/warex.cz\/de\/aktuality\/hintergrund-nachrichten\/warex-stahlkonstruktionen-bauarbeiten-an-einer-neuen-produktionshalle\/","og_site_name":"Warex","article_publisher":"https:\/\/www.facebook.com\/WarexCzech\/notifications\/","article_published_time":"2020-06-18T11:49:09+00:00","article_modified_time":"2020-07-13T11:04:59+00:00","og_image":[{"width":960,"height":218,"url":"https:\/\/warex.cz\/app\/uploads\/2020\/06\/Warex-pron\u00e1jem-obytn\u00fdch-kontejner\u016f9.jpg","type":"image\/jpeg"}],"author":"Bruno Dirb\u00e1k","twitter_card":"summary_large_image","twitter_misc":{"Verfasst von":"Bruno Dirb\u00e1k"},"schema":{"@context":"https:\/\/schema.org","@graph":[{"@type":"Article","@id":"https:\/\/warex.cz\/de\/aktuality\/hintergrund-nachrichten\/warex-stahlkonstruktionen-bauarbeiten-an-einer-neuen-produktionshalle\/#article","isPartOf":{"@id":"https:\/\/warex.cz\/de\/aktuality\/hintergrund-nachrichten\/warex-stahlkonstruktionen-bauarbeiten-an-einer-neuen-produktionshalle\/"},"author":{"name":"Bruno Dirb\u00e1k","@id":"https:\/\/warex.cz\/de\/#\/schema\/person\/13fc7115bc8df48336b7b79e6efa3f11"},"headline":"Warex Stahlkonstruktionen &#8211; Aufbau einer neuen Produktionshalle","datePublished":"2020-06-18T11:49:09+00:00","dateModified":"2020-07-13T11:04:59+00:00","mainEntityOfPage":{"@id":"https:\/\/warex.cz\/de\/aktuality\/hintergrund-nachrichten\/warex-stahlkonstruktionen-bauarbeiten-an-einer-neuen-produktionshalle\/"},"wordCount":87,"commentCount":0,"image":{"@id":"https:\/\/warex.cz\/de\/aktuality\/hintergrund-nachrichten\/warex-stahlkonstruktionen-bauarbeiten-an-einer-neuen-produktionshalle\/#primaryimage"},"thumbnailUrl":"https:\/\/warex.cz\/app\/uploads\/2020\/06\/Warex-pron\u00e1jem-obytn\u00fdch-kontejner\u016f9.jpg","articleSection":["HINTERGRUND-NACHRICHTEN"],"inLanguage":"de","potentialAction":[{"@type":"CommentAction","name":"Comment","target":["https:\/\/warex.cz\/de\/aktuality\/hintergrund-nachrichten\/warex-stahlkonstruktionen-bauarbeiten-an-einer-neuen-produktionshalle\/#respond"]}]},{"@type":"WebPage","@id":"https:\/\/warex.cz\/de\/aktuality\/hintergrund-nachrichten\/warex-stahlkonstruktionen-bauarbeiten-an-einer-neuen-produktionshalle\/","url":"https:\/\/warex.cz\/de\/aktuality\/hintergrund-nachrichten\/warex-stahlkonstruktionen-bauarbeiten-an-einer-neuen-produktionshalle\/","name":"WAREX Stahlkonstruktionen - Bauarbeiten an einer NEUEN Produktionshalle","isPartOf":{"@id":"https:\/\/warex.cz\/de\/#website"},"primaryImageOfPage":{"@id":"https:\/\/warex.cz\/de\/aktuality\/hintergrund-nachrichten\/warex-stahlkonstruktionen-bauarbeiten-an-einer-neuen-produktionshalle\/#primaryimage"},"image":{"@id":"https:\/\/warex.cz\/de\/aktuality\/hintergrund-nachrichten\/warex-stahlkonstruktionen-bauarbeiten-an-einer-neuen-produktionshalle\/#primaryimage"},"thumbnailUrl":"https:\/\/warex.cz\/app\/uploads\/2020\/06\/Warex-pron\u00e1jem-obytn\u00fdch-kontejner\u016f9.jpg","datePublished":"2020-06-18T11:49:09+00:00","dateModified":"2020-07-13T11:04:59+00:00","author":{"@id":"https:\/\/warex.cz\/de\/#\/schema\/person\/13fc7115bc8df48336b7b79e6efa3f11"},"description":"Es ist die Zeit gekommen, in der der wirtschaftliche Abschwung aufgrund der Pandemiesituation notwendig ist, um zuk\u00fcnftige Chancen zu nutzen.","breadcrumb":{"@id":"https:\/\/warex.cz\/de\/aktuality\/hintergrund-nachrichten\/warex-stahlkonstruktionen-bauarbeiten-an-einer-neuen-produktionshalle\/#breadcrumb"},"inLanguage":"de","potentialAction":[{"@type":"ReadAction","target":["https:\/\/warex.cz\/de\/aktuality\/hintergrund-nachrichten\/warex-stahlkonstruktionen-bauarbeiten-an-einer-neuen-produktionshalle\/"]}]},{"@type":"ImageObject","inLanguage":"de","@id":"https:\/\/warex.cz\/de\/aktuality\/hintergrund-nachrichten\/warex-stahlkonstruktionen-bauarbeiten-an-einer-neuen-produktionshalle\/#primaryimage","url":"https:\/\/warex.cz\/app\/uploads\/2020\/06\/Warex-pron\u00e1jem-obytn\u00fdch-kontejner\u016f9.jpg","contentUrl":"https:\/\/warex.cz\/app\/uploads\/2020\/06\/Warex-pron\u00e1jem-obytn\u00fdch-kontejner\u016f9.jpg","width":960,"height":218,"caption":"Warex-pron\u00e1jem-obytn\u00fdch-kontejner\u016f"},{"@type":"BreadcrumbList","@id":"https:\/\/warex.cz\/de\/aktuality\/hintergrund-nachrichten\/warex-stahlkonstruktionen-bauarbeiten-an-einer-neuen-produktionshalle\/#breadcrumb","itemListElement":[{"@type":"ListItem","position":1,"name":"Home","item":"https:\/\/warex.cz\/de\/"},{"@type":"ListItem","position":2,"name":"Warex Stahlkonstruktionen &#8211; Aufbau einer neuen Produktionshalle"}]},{"@type":"WebSite","@id":"https:\/\/warex.cz\/de\/#website","url":"https:\/\/warex.cz\/de\/","name":"Warex","description":"Web spole\u010dnosti Warex","potentialAction":[{"@type":"SearchAction","target":{"@type":"EntryPoint","urlTemplate":"https:\/\/warex.cz\/de\/?s={search_term_string}"},"query-input":{"@type":"PropertyValueSpecification","valueRequired":true,"valueName":"search_term_string"}}],"inLanguage":"de"},{"@type":"Person","@id":"https:\/\/warex.cz\/de\/#\/schema\/person\/13fc7115bc8df48336b7b79e6efa3f11","name":"Bruno Dirb\u00e1k","image":{"@type":"ImageObject","inLanguage":"de","@id":"https:\/\/warex.cz\/de\/#\/schema\/person\/image\/","url":"https:\/\/secure.gravatar.com\/avatar\/0fd31955cc8ca42a94131687204cc2cb4b9b9b0d09aeb5c9f60604cb13700b33?s=96&d=mm&r=g","contentUrl":"https:\/\/secure.gravatar.com\/avatar\/0fd31955cc8ca42a94131687204cc2cb4b9b9b0d09aeb5c9f60604cb13700b33?s=96&d=mm&r=g","caption":"Bruno Dirb\u00e1k"},"sameAs":["https:\/\/warex.cz\/"],"url":"https:\/\/warex.cz\/de\/aktuality\/author\/bruno\/"}]}},"_links":{"self":[{"href":"https:\/\/warex.cz\/de\/wp-json\/wp\/v2\/posts\/3614","targetHints":{"allow":["GET"]}}],"collection":[{"href":"https:\/\/warex.cz\/de\/wp-json\/wp\/v2\/posts"}],"about":[{"href":"https:\/\/warex.cz\/de\/wp-json\/wp\/v2\/types\/post"}],"author":[{"embeddable":true,"href":"https:\/\/warex.cz\/de\/wp-json\/wp\/v2\/users\/11"}],"replies":[{"embeddable":true,"href":"https:\/\/warex.cz\/de\/wp-json\/wp\/v2\/comments?post=3614"}],"version-history":[{"count":4,"href":"https:\/\/warex.cz\/de\/wp-json\/wp\/v2\/posts\/3614\/revisions"}],"predecessor-version":[{"id":3980,"href":"https:\/\/warex.cz\/de\/wp-json\/wp\/v2\/posts\/3614\/revisions\/3980"}],"wp:featuredmedia":[{"embeddable":true,"href":"https:\/\/warex.cz\/de\/wp-json\/wp\/v2\/media\/3576"}],"wp:attachment":[{"href":"https:\/\/warex.cz\/de\/wp-json\/wp\/v2\/media?parent=3614"}],"wp:term":[{"taxonomy":"category","embeddable":true,"href":"https:\/\/warex.cz\/de\/wp-json\/wp\/v2\/categories?post=3614"},{"taxonomy":"post_tag","embeddable":true,"href":"https:\/\/warex.cz\/de\/wp-json\/wp\/v2\/tags?post=3614"}],"curies":[{"name":"wp","href":"https:\/\/api.w.org\/{rel}","templated":true}]}}