{"id":3718,"date":"2020-06-24T14:14:51","date_gmt":"2020-06-24T14:14:51","guid":{"rendered":"https:\/\/warex.cz\/aktuality\/unkategorisiert\/warex-a-toi-toi-proti-covid-19\/"},"modified":"2020-06-25T08:02:08","modified_gmt":"2020-06-25T08:02:08","slug":"warex-und-toi-toi-gegen-covid-19","status":"publish","type":"post","link":"https:\/\/warex.cz\/de\/aktuality\/hintergrund-nachrichten\/warex-und-toi-toi-gegen-covid-19\/","title":{"rendered":"Warex und TOI TOI gegen Covid-19"},"content":{"rendered":"\n<p>Dank eines Artikels von <a href=\"https:\/\/www.jesenickenoviny.cz\/?p=22576\">Jesenick\u00e9 noviny online<\/a> \u00fcber uns und die Firma  <a href=\"https:\/\/www.toitoi.cz\/\">TOI TOI<\/a>, mit dem wir sehr eng zusammenarbeiten, kehrten wir erneut zum Thema Covid-19 zur\u00fcck.<\/p>\n\n\n\n<p>Das Unternehmen  <a href=\"https:\/\/www.toitoi.cz\/\">TOI TOI<\/a> und das Unternehmen WAREX sind Unternehmen mit einer langen Geschichte auf dem tschechischen und europ\u00e4ischen Markt und verf\u00fcgen \u00fcber 26 beziehungsweise 29 Jahre Erfahrung.<\/p>\n\n\n\n<p>Ihr Programm ist eng miteinander verbunden, WAREX stellt Wohn- und Sanit\u00e4rcontainer her und  <a href=\"https:\/\/www.toitoi.cz\/\">TOI TOI<\/a> vermietet mobile Toiletten, Wohn- und Sanit\u00e4rcontainer. Beide Unternehmen erg\u00e4nzen sich, daher ist es logisch, dass die beiden Unternehmen eng zusammenarbeiten.<\/p>\n\n\n\n<figure class=\"wp-block-gallery columns-3 is-cropped wp-block-gallery-1 is-layout-flex wp-block-gallery-is-layout-flex\"><ul class=\"blocks-gallery-grid\"><li class=\"blocks-gallery-item\"><figure><a href=\"https:\/\/warex.cz\/app\/uploads\/2020\/06\/IMG_20200501_101657-scaled-3.jpg\"><img loading=\"lazy\" decoding=\"async\" width=\"960\" height=\"720\" src=\"https:\/\/warex.cz\/app\/uploads\/2020\/06\/IMG_20200501_101657-scaled-3.jpg\" alt=\"\" data-id=\"3727\" data-full-url=\"https:\/\/warex.cz\/app\/uploads\/2020\/06\/IMG_20200501_101657-scaled-3.jpg\" data-link=\"https:\/\/warex.cz\/en\/aktuality\/backstage-news\/warex-and-toi-toi-against-covid-19\/attachment\/img_20200501_101657-scaled-3\/\" class=\"wp-image-3727\" srcset=\"https:\/\/warex.cz\/app\/uploads\/2020\/06\/IMG_20200501_101657-scaled-3.jpg 960w, https:\/\/warex.cz\/app\/uploads\/2020\/06\/IMG_20200501_101657-scaled-3-300x225.jpg 300w, https:\/\/warex.cz\/app\/uploads\/2020\/06\/IMG_20200501_101657-scaled-3-768x576.jpg 768w\" sizes=\"auto, (max-width: 960px) 100vw, 960px\" \/><\/a><\/figure><\/li><li class=\"blocks-gallery-item\"><figure><a href=\"https:\/\/warex.cz\/app\/uploads\/2020\/06\/IMG_20200501_101606-scaled-3.jpg\"><img loading=\"lazy\" decoding=\"async\" width=\"960\" height=\"720\" src=\"https:\/\/warex.cz\/app\/uploads\/2020\/06\/IMG_20200501_101606-scaled-3.jpg\" alt=\"\" data-id=\"3724\" data-full-url=\"https:\/\/warex.cz\/app\/uploads\/2020\/06\/IMG_20200501_101606-scaled-3.jpg\" data-link=\"https:\/\/warex.cz\/en\/aktuality\/backstage-news\/warex-and-toi-toi-against-covid-19\/attachment\/img_20200501_101606-scaled-3\/\" class=\"wp-image-3724\" srcset=\"https:\/\/warex.cz\/app\/uploads\/2020\/06\/IMG_20200501_101606-scaled-3.jpg 960w, https:\/\/warex.cz\/app\/uploads\/2020\/06\/IMG_20200501_101606-scaled-3-300x225.jpg 300w, https:\/\/warex.cz\/app\/uploads\/2020\/06\/IMG_20200501_101606-scaled-3-768x576.jpg 768w\" sizes=\"auto, (max-width: 960px) 100vw, 960px\" \/><\/a><\/figure><\/li><li class=\"blocks-gallery-item\"><figure><a href=\"https:\/\/warex.cz\/app\/uploads\/2020\/06\/IMG_20200501_101729-scaled-3.jpg\"><img loading=\"lazy\" decoding=\"async\" width=\"960\" height=\"720\" src=\"https:\/\/warex.cz\/app\/uploads\/2020\/06\/IMG_20200501_101729-scaled-3.jpg\" alt=\"\" data-id=\"3730\" data-full-url=\"https:\/\/warex.cz\/app\/uploads\/2020\/06\/IMG_20200501_101729-scaled-3.jpg\" data-link=\"https:\/\/warex.cz\/en\/aktuality\/backstage-news\/warex-and-toi-toi-against-covid-19\/attachment\/img_20200501_101729-scaled-3\/\" class=\"wp-image-3730\" srcset=\"https:\/\/warex.cz\/app\/uploads\/2020\/06\/IMG_20200501_101729-scaled-3.jpg 960w, https:\/\/warex.cz\/app\/uploads\/2020\/06\/IMG_20200501_101729-scaled-3-300x225.jpg 300w, https:\/\/warex.cz\/app\/uploads\/2020\/06\/IMG_20200501_101729-scaled-3-768x576.jpg 768w\" sizes=\"auto, (max-width: 960px) 100vw, 960px\" \/><\/a><\/figure><\/li><li class=\"blocks-gallery-item\"><figure><a href=\"https:\/\/warex.cz\/app\/uploads\/2020\/06\/IMG_20200501_101804-scaled-3.jpg\"><img loading=\"lazy\" decoding=\"async\" width=\"960\" height=\"720\" src=\"https:\/\/warex.cz\/app\/uploads\/2020\/06\/IMG_20200501_101804-scaled-3.jpg\" alt=\"\" data-id=\"3733\" data-full-url=\"https:\/\/warex.cz\/app\/uploads\/2020\/06\/IMG_20200501_101804-scaled-3.jpg\" data-link=\"https:\/\/warex.cz\/en\/aktuality\/backstage-news\/warex-and-toi-toi-against-covid-19\/attachment\/img_20200501_101804-scaled-3\/\" class=\"wp-image-3733\" srcset=\"https:\/\/warex.cz\/app\/uploads\/2020\/06\/IMG_20200501_101804-scaled-3.jpg 960w, https:\/\/warex.cz\/app\/uploads\/2020\/06\/IMG_20200501_101804-scaled-3-300x225.jpg 300w, https:\/\/warex.cz\/app\/uploads\/2020\/06\/IMG_20200501_101804-scaled-3-768x576.jpg 768w\" sizes=\"auto, (max-width: 960px) 100vw, 960px\" \/><\/a><\/figure><\/li><li class=\"blocks-gallery-item\"><figure><a href=\"https:\/\/warex.cz\/app\/uploads\/2020\/06\/IMG_20200501_102042-scaled-3.jpg\"><img loading=\"lazy\" decoding=\"async\" width=\"960\" height=\"720\" src=\"https:\/\/warex.cz\/app\/uploads\/2020\/06\/IMG_20200501_102042-scaled-3.jpg\" alt=\"\" data-id=\"3736\" data-full-url=\"https:\/\/warex.cz\/app\/uploads\/2020\/06\/IMG_20200501_102042-scaled-3.jpg\" data-link=\"https:\/\/warex.cz\/en\/aktuality\/backstage-news\/warex-and-toi-toi-against-covid-19\/attachment\/img_20200501_102042-scaled-3\/\" class=\"wp-image-3736\" srcset=\"https:\/\/warex.cz\/app\/uploads\/2020\/06\/IMG_20200501_102042-scaled-3.jpg 960w, https:\/\/warex.cz\/app\/uploads\/2020\/06\/IMG_20200501_102042-scaled-3-300x225.jpg 300w, https:\/\/warex.cz\/app\/uploads\/2020\/06\/IMG_20200501_102042-scaled-3-768x576.jpg 768w\" sizes=\"auto, (max-width: 960px) 100vw, 960px\" \/><\/a><\/figure><\/li><\/ul><\/figure>\n","protected":false},"excerpt":{"rendered":"<p>Dank eines Artikels von Jesenick\u00e9 noviny online  \u00fcber uns und die Firma TOI TOI, mit dem wir sehr eng zusammenarbeiten, kehrten wir erneut zum Thema Covid-19 zur\u00fcck.<\/p>\n","protected":false},"author":11,"featured_media":3688,"comment_status":"open","ping_status":"open","sticky":false,"template":"","format":"standard","meta":{"_acf_changed":false,"footnotes":""},"categories":[38],"tags":[],"class_list":["post-3718","post","type-post","status-publish","format-standard","has-post-thumbnail","hentry","category-hintergrund-nachrichten"],"acf":[],"yoast_head":"<!-- This site is optimized with the Yoast SEO plugin v26.9 - https:\/\/yoast.com\/product\/yoast-seo-wordpress\/ -->\n<title>Warex und TOI TOI gegen Covid-19<\/title>\n<meta name=\"description\" content=\"Dank eines Artikels von Jesenick\u00e9 noviny online \u00fcber uns und die Firma TOI TOI, mit dem wir sehr eng zusammenarbeiten, kehrten wir erneut zum Thema Covid-19 zur\u00fcck.\" \/>\n<meta name=\"robots\" content=\"index, follow, max-snippet:-1, max-image-preview:large, max-video-preview:-1\" \/>\n<link rel=\"canonical\" href=\"https:\/\/warex.cz\/de\/aktuality\/hintergrund-nachrichten\/warex-und-toi-toi-gegen-covid-19\/\" \/>\n<meta property=\"og:locale\" content=\"de_DE\" \/>\n<meta property=\"og:type\" content=\"article\" \/>\n<meta property=\"og:title\" content=\"Warex und TOI TOI gegen Covid-19\" \/>\n<meta property=\"og:description\" content=\"Dank eines Artikels von Jesenick\u00e9 noviny online \u00fcber uns und die Firma TOI TOI, mit dem wir sehr eng zusammenarbeiten, kehrten wir erneut zum Thema Covid-19 zur\u00fcck.\" \/>\n<meta property=\"og:url\" content=\"https:\/\/warex.cz\/de\/aktuality\/hintergrund-nachrichten\/warex-und-toi-toi-gegen-covid-19\/\" \/>\n<meta property=\"og:site_name\" content=\"Warex\" \/>\n<meta property=\"article:publisher\" content=\"https:\/\/www.facebook.com\/WarexCzech\/notifications\/\" \/>\n<meta property=\"article:published_time\" content=\"2020-06-24T14:14:51+00:00\" \/>\n<meta property=\"article:modified_time\" content=\"2020-06-25T08:02:08+00:00\" \/>\n<meta property=\"og:image\" content=\"https:\/\/warex.cz\/app\/uploads\/2020\/06\/IMG_20200501_101657-scaled-1.jpg\" \/>\n\t<meta property=\"og:image:width\" content=\"960\" \/>\n\t<meta property=\"og:image:height\" content=\"720\" \/>\n\t<meta property=\"og:image:type\" content=\"image\/jpeg\" \/>\n<meta name=\"author\" content=\"Bruno Dirb\u00e1k\" \/>\n<meta name=\"twitter:card\" content=\"summary_large_image\" \/>\n<meta name=\"twitter:label1\" content=\"Verfasst von\" \/>\n\t<meta name=\"twitter:data1\" content=\"Bruno Dirb\u00e1k\" \/>\n<script type=\"application\/ld+json\" class=\"yoast-schema-graph\">{\"@context\":\"https:\/\/schema.org\",\"@graph\":[{\"@type\":\"Article\",\"@id\":\"https:\/\/warex.cz\/de\/aktuality\/hintergrund-nachrichten\/warex-und-toi-toi-gegen-covid-19\/#article\",\"isPartOf\":{\"@id\":\"https:\/\/warex.cz\/de\/aktuality\/hintergrund-nachrichten\/warex-und-toi-toi-gegen-covid-19\/\"},\"author\":{\"name\":\"Bruno Dirb\u00e1k\",\"@id\":\"https:\/\/warex.cz\/de\/#\/schema\/person\/13fc7115bc8df48336b7b79e6efa3f11\"},\"headline\":\"Warex und TOI TOI gegen Covid-19\",\"datePublished\":\"2020-06-24T14:14:51+00:00\",\"dateModified\":\"2020-06-25T08:02:08+00:00\",\"mainEntityOfPage\":{\"@id\":\"https:\/\/warex.cz\/de\/aktuality\/hintergrund-nachrichten\/warex-und-toi-toi-gegen-covid-19\/\"},\"wordCount\":100,\"commentCount\":0,\"image\":{\"@id\":\"https:\/\/warex.cz\/de\/aktuality\/hintergrund-nachrichten\/warex-und-toi-toi-gegen-covid-19\/#primaryimage\"},\"thumbnailUrl\":\"https:\/\/warex.cz\/app\/uploads\/2020\/06\/IMG_20200501_101657-scaled-1.jpg\",\"articleSection\":[\"HINTERGRUND-NACHRICHTEN\"],\"inLanguage\":\"de\",\"potentialAction\":[{\"@type\":\"CommentAction\",\"name\":\"Comment\",\"target\":[\"https:\/\/warex.cz\/de\/aktuality\/hintergrund-nachrichten\/warex-und-toi-toi-gegen-covid-19\/#respond\"]}]},{\"@type\":\"WebPage\",\"@id\":\"https:\/\/warex.cz\/de\/aktuality\/hintergrund-nachrichten\/warex-und-toi-toi-gegen-covid-19\/\",\"url\":\"https:\/\/warex.cz\/de\/aktuality\/hintergrund-nachrichten\/warex-und-toi-toi-gegen-covid-19\/\",\"name\":\"Warex und TOI TOI gegen Covid-19\",\"isPartOf\":{\"@id\":\"https:\/\/warex.cz\/de\/#website\"},\"primaryImageOfPage\":{\"@id\":\"https:\/\/warex.cz\/de\/aktuality\/hintergrund-nachrichten\/warex-und-toi-toi-gegen-covid-19\/#primaryimage\"},\"image\":{\"@id\":\"https:\/\/warex.cz\/de\/aktuality\/hintergrund-nachrichten\/warex-und-toi-toi-gegen-covid-19\/#primaryimage\"},\"thumbnailUrl\":\"https:\/\/warex.cz\/app\/uploads\/2020\/06\/IMG_20200501_101657-scaled-1.jpg\",\"datePublished\":\"2020-06-24T14:14:51+00:00\",\"dateModified\":\"2020-06-25T08:02:08+00:00\",\"author\":{\"@id\":\"https:\/\/warex.cz\/de\/#\/schema\/person\/13fc7115bc8df48336b7b79e6efa3f11\"},\"description\":\"Dank eines Artikels von Jesenick\u00e9 noviny online \u00fcber uns und die Firma TOI TOI, mit dem wir sehr eng zusammenarbeiten, kehrten wir erneut zum Thema Covid-19 zur\u00fcck.\",\"breadcrumb\":{\"@id\":\"https:\/\/warex.cz\/de\/aktuality\/hintergrund-nachrichten\/warex-und-toi-toi-gegen-covid-19\/#breadcrumb\"},\"inLanguage\":\"de\",\"potentialAction\":[{\"@type\":\"ReadAction\",\"target\":[\"https:\/\/warex.cz\/de\/aktuality\/hintergrund-nachrichten\/warex-und-toi-toi-gegen-covid-19\/\"]}]},{\"@type\":\"ImageObject\",\"inLanguage\":\"de\",\"@id\":\"https:\/\/warex.cz\/de\/aktuality\/hintergrund-nachrichten\/warex-und-toi-toi-gegen-covid-19\/#primaryimage\",\"url\":\"https:\/\/warex.cz\/app\/uploads\/2020\/06\/IMG_20200501_101657-scaled-1.jpg\",\"contentUrl\":\"https:\/\/warex.cz\/app\/uploads\/2020\/06\/IMG_20200501_101657-scaled-1.jpg\",\"width\":960,\"height\":720},{\"@type\":\"BreadcrumbList\",\"@id\":\"https:\/\/warex.cz\/de\/aktuality\/hintergrund-nachrichten\/warex-und-toi-toi-gegen-covid-19\/#breadcrumb\",\"itemListElement\":[{\"@type\":\"ListItem\",\"position\":1,\"name\":\"Home\",\"item\":\"https:\/\/warex.cz\/de\/\"},{\"@type\":\"ListItem\",\"position\":2,\"name\":\"Warex und TOI TOI gegen Covid-19\"}]},{\"@type\":\"WebSite\",\"@id\":\"https:\/\/warex.cz\/de\/#website\",\"url\":\"https:\/\/warex.cz\/de\/\",\"name\":\"Warex\",\"description\":\"Web spole\u010dnosti Warex\",\"potentialAction\":[{\"@type\":\"SearchAction\",\"target\":{\"@type\":\"EntryPoint\",\"urlTemplate\":\"https:\/\/warex.cz\/de\/?s={search_term_string}\"},\"query-input\":{\"@type\":\"PropertyValueSpecification\",\"valueRequired\":true,\"valueName\":\"search_term_string\"}}],\"inLanguage\":\"de\"},{\"@type\":\"Person\",\"@id\":\"https:\/\/warex.cz\/de\/#\/schema\/person\/13fc7115bc8df48336b7b79e6efa3f11\",\"name\":\"Bruno Dirb\u00e1k\",\"image\":{\"@type\":\"ImageObject\",\"inLanguage\":\"de\",\"@id\":\"https:\/\/warex.cz\/de\/#\/schema\/person\/image\/\",\"url\":\"https:\/\/secure.gravatar.com\/avatar\/0fd31955cc8ca42a94131687204cc2cb4b9b9b0d09aeb5c9f60604cb13700b33?s=96&d=mm&r=g\",\"contentUrl\":\"https:\/\/secure.gravatar.com\/avatar\/0fd31955cc8ca42a94131687204cc2cb4b9b9b0d09aeb5c9f60604cb13700b33?s=96&d=mm&r=g\",\"caption\":\"Bruno Dirb\u00e1k\"},\"sameAs\":[\"https:\/\/warex.cz\/\"],\"url\":\"https:\/\/warex.cz\/de\/aktuality\/author\/bruno\/\"}]}<\/script>\n<!-- \/ Yoast SEO plugin. -->","yoast_head_json":{"title":"Warex und TOI TOI gegen Covid-19","description":"Dank eines Artikels von Jesenick\u00e9 noviny online \u00fcber uns und die Firma TOI TOI, mit dem wir sehr eng zusammenarbeiten, kehrten wir erneut zum Thema Covid-19 zur\u00fcck.","robots":{"index":"index","follow":"follow","max-snippet":"max-snippet:-1","max-image-preview":"max-image-preview:large","max-video-preview":"max-video-preview:-1"},"canonical":"https:\/\/warex.cz\/de\/aktuality\/hintergrund-nachrichten\/warex-und-toi-toi-gegen-covid-19\/","og_locale":"de_DE","og_type":"article","og_title":"Warex und TOI TOI gegen Covid-19","og_description":"Dank eines Artikels von Jesenick\u00e9 noviny online \u00fcber uns und die Firma TOI TOI, mit dem wir sehr eng zusammenarbeiten, kehrten wir erneut zum Thema Covid-19 zur\u00fcck.","og_url":"https:\/\/warex.cz\/de\/aktuality\/hintergrund-nachrichten\/warex-und-toi-toi-gegen-covid-19\/","og_site_name":"Warex","article_publisher":"https:\/\/www.facebook.com\/WarexCzech\/notifications\/","article_published_time":"2020-06-24T14:14:51+00:00","article_modified_time":"2020-06-25T08:02:08+00:00","og_image":[{"width":960,"height":720,"url":"https:\/\/warex.cz\/app\/uploads\/2020\/06\/IMG_20200501_101657-scaled-1.jpg","type":"image\/jpeg"}],"author":"Bruno Dirb\u00e1k","twitter_card":"summary_large_image","twitter_misc":{"Verfasst von":"Bruno Dirb\u00e1k"},"schema":{"@context":"https:\/\/schema.org","@graph":[{"@type":"Article","@id":"https:\/\/warex.cz\/de\/aktuality\/hintergrund-nachrichten\/warex-und-toi-toi-gegen-covid-19\/#article","isPartOf":{"@id":"https:\/\/warex.cz\/de\/aktuality\/hintergrund-nachrichten\/warex-und-toi-toi-gegen-covid-19\/"},"author":{"name":"Bruno Dirb\u00e1k","@id":"https:\/\/warex.cz\/de\/#\/schema\/person\/13fc7115bc8df48336b7b79e6efa3f11"},"headline":"Warex und TOI TOI gegen Covid-19","datePublished":"2020-06-24T14:14:51+00:00","dateModified":"2020-06-25T08:02:08+00:00","mainEntityOfPage":{"@id":"https:\/\/warex.cz\/de\/aktuality\/hintergrund-nachrichten\/warex-und-toi-toi-gegen-covid-19\/"},"wordCount":100,"commentCount":0,"image":{"@id":"https:\/\/warex.cz\/de\/aktuality\/hintergrund-nachrichten\/warex-und-toi-toi-gegen-covid-19\/#primaryimage"},"thumbnailUrl":"https:\/\/warex.cz\/app\/uploads\/2020\/06\/IMG_20200501_101657-scaled-1.jpg","articleSection":["HINTERGRUND-NACHRICHTEN"],"inLanguage":"de","potentialAction":[{"@type":"CommentAction","name":"Comment","target":["https:\/\/warex.cz\/de\/aktuality\/hintergrund-nachrichten\/warex-und-toi-toi-gegen-covid-19\/#respond"]}]},{"@type":"WebPage","@id":"https:\/\/warex.cz\/de\/aktuality\/hintergrund-nachrichten\/warex-und-toi-toi-gegen-covid-19\/","url":"https:\/\/warex.cz\/de\/aktuality\/hintergrund-nachrichten\/warex-und-toi-toi-gegen-covid-19\/","name":"Warex und TOI TOI gegen Covid-19","isPartOf":{"@id":"https:\/\/warex.cz\/de\/#website"},"primaryImageOfPage":{"@id":"https:\/\/warex.cz\/de\/aktuality\/hintergrund-nachrichten\/warex-und-toi-toi-gegen-covid-19\/#primaryimage"},"image":{"@id":"https:\/\/warex.cz\/de\/aktuality\/hintergrund-nachrichten\/warex-und-toi-toi-gegen-covid-19\/#primaryimage"},"thumbnailUrl":"https:\/\/warex.cz\/app\/uploads\/2020\/06\/IMG_20200501_101657-scaled-1.jpg","datePublished":"2020-06-24T14:14:51+00:00","dateModified":"2020-06-25T08:02:08+00:00","author":{"@id":"https:\/\/warex.cz\/de\/#\/schema\/person\/13fc7115bc8df48336b7b79e6efa3f11"},"description":"Dank eines Artikels von Jesenick\u00e9 noviny online \u00fcber uns und die Firma TOI TOI, mit dem wir sehr eng zusammenarbeiten, kehrten wir erneut zum Thema Covid-19 zur\u00fcck.","breadcrumb":{"@id":"https:\/\/warex.cz\/de\/aktuality\/hintergrund-nachrichten\/warex-und-toi-toi-gegen-covid-19\/#breadcrumb"},"inLanguage":"de","potentialAction":[{"@type":"ReadAction","target":["https:\/\/warex.cz\/de\/aktuality\/hintergrund-nachrichten\/warex-und-toi-toi-gegen-covid-19\/"]}]},{"@type":"ImageObject","inLanguage":"de","@id":"https:\/\/warex.cz\/de\/aktuality\/hintergrund-nachrichten\/warex-und-toi-toi-gegen-covid-19\/#primaryimage","url":"https:\/\/warex.cz\/app\/uploads\/2020\/06\/IMG_20200501_101657-scaled-1.jpg","contentUrl":"https:\/\/warex.cz\/app\/uploads\/2020\/06\/IMG_20200501_101657-scaled-1.jpg","width":960,"height":720},{"@type":"BreadcrumbList","@id":"https:\/\/warex.cz\/de\/aktuality\/hintergrund-nachrichten\/warex-und-toi-toi-gegen-covid-19\/#breadcrumb","itemListElement":[{"@type":"ListItem","position":1,"name":"Home","item":"https:\/\/warex.cz\/de\/"},{"@type":"ListItem","position":2,"name":"Warex und TOI TOI gegen Covid-19"}]},{"@type":"WebSite","@id":"https:\/\/warex.cz\/de\/#website","url":"https:\/\/warex.cz\/de\/","name":"Warex","description":"Web spole\u010dnosti Warex","potentialAction":[{"@type":"SearchAction","target":{"@type":"EntryPoint","urlTemplate":"https:\/\/warex.cz\/de\/?s={search_term_string}"},"query-input":{"@type":"PropertyValueSpecification","valueRequired":true,"valueName":"search_term_string"}}],"inLanguage":"de"},{"@type":"Person","@id":"https:\/\/warex.cz\/de\/#\/schema\/person\/13fc7115bc8df48336b7b79e6efa3f11","name":"Bruno Dirb\u00e1k","image":{"@type":"ImageObject","inLanguage":"de","@id":"https:\/\/warex.cz\/de\/#\/schema\/person\/image\/","url":"https:\/\/secure.gravatar.com\/avatar\/0fd31955cc8ca42a94131687204cc2cb4b9b9b0d09aeb5c9f60604cb13700b33?s=96&d=mm&r=g","contentUrl":"https:\/\/secure.gravatar.com\/avatar\/0fd31955cc8ca42a94131687204cc2cb4b9b9b0d09aeb5c9f60604cb13700b33?s=96&d=mm&r=g","caption":"Bruno Dirb\u00e1k"},"sameAs":["https:\/\/warex.cz\/"],"url":"https:\/\/warex.cz\/de\/aktuality\/author\/bruno\/"}]}},"_links":{"self":[{"href":"https:\/\/warex.cz\/de\/wp-json\/wp\/v2\/posts\/3718","targetHints":{"allow":["GET"]}}],"collection":[{"href":"https:\/\/warex.cz\/de\/wp-json\/wp\/v2\/posts"}],"about":[{"href":"https:\/\/warex.cz\/de\/wp-json\/wp\/v2\/types\/post"}],"author":[{"embeddable":true,"href":"https:\/\/warex.cz\/de\/wp-json\/wp\/v2\/users\/11"}],"replies":[{"embeddable":true,"href":"https:\/\/warex.cz\/de\/wp-json\/wp\/v2\/comments?post=3718"}],"version-history":[{"count":3,"href":"https:\/\/warex.cz\/de\/wp-json\/wp\/v2\/posts\/3718\/revisions"}],"predecessor-version":[{"id":3748,"href":"https:\/\/warex.cz\/de\/wp-json\/wp\/v2\/posts\/3718\/revisions\/3748"}],"wp:featuredmedia":[{"embeddable":true,"href":"https:\/\/warex.cz\/de\/wp-json\/wp\/v2\/media\/3688"}],"wp:attachment":[{"href":"https:\/\/warex.cz\/de\/wp-json\/wp\/v2\/media?parent=3718"}],"wp:term":[{"taxonomy":"category","embeddable":true,"href":"https:\/\/warex.cz\/de\/wp-json\/wp\/v2\/categories?post=3718"},{"taxonomy":"post_tag","embeddable":true,"href":"https:\/\/warex.cz\/de\/wp-json\/wp\/v2\/tags?post=3718"}],"curies":[{"name":"wp","href":"https:\/\/api.w.org\/{rel}","templated":true}]}}