{"id":9162,"date":"2022-11-22T13:19:00","date_gmt":"2022-11-22T12:19:00","guid":{"rendered":"https:\/\/warex.cz\/?p=9162"},"modified":"2022-11-29T13:20:00","modified_gmt":"2022-11-29T12:20:00","slug":"kindergaerten-und-schulen","status":"publish","type":"post","link":"https:\/\/warex.cz\/de\/aktuality\/hintergrund-nachrichten\/kindergaerten-und-schulen\/","title":{"rendered":"Kinderg\u00e4rten und Schulen"},"content":{"rendered":"\n<p>Nutzen Sie die M\u00f6glichkeit, die bestehende Kapazit\u00e4t des Kindergartens oder der Schule in Form einer Modulbauweise zu erweitern. Der Vorteil ist Schnelligkeit und Variabilit\u00e4t. Die modulare Bauweise bietet eine kosteneffiziente und elegante L\u00f6sung, die alle Ihre Anforderungen erf\u00fcllt.<\/p>\n\n\n\n<p>Die Baugruppen k\u00f6nnen in einer energieeffizienten Variante mit individuellen Geb\u00e4udeh\u00fcllenl\u00f6sungen gebaut werden, und bereits fertiggestellte Geb\u00e4ude k\u00f6nnen erweitert, verlegt oder anderweitig an die aktuellen Bed\u00fcrfnisse angepasst werden. Aus diesem Grund sind modulare Kinderg\u00e4rten oder Schulen die beste L\u00f6sung f\u00fcr den Bau.<\/p>\n\n\n\n<p>Wir f\u00fchren Geb\u00e4ude als Baueinheit aus, einschlie\u00dflich Projektdokumentation und Unterkonstruktion. Z\u00f6gern Sie nicht, sich jederzeit an unser erfahrenes Team zu wenden, das Sie gerne ber\u00e4t und Ihnen bei der Auswahl der am besten geeigneten L\u00f6sung hilft! <\/p>\n\n\n\n<p>Weitere Informationen finden Sie <strong><a href=\"https:\/\/warex.cz\/de\/modulgebaude\/schulen-und-kindergaerten\/\">hier<\/a><\/strong>.<\/p>\n\n\n\n<div class=\"wp-block-columns is-layout-flex wp-container-core-columns-is-layout-9d6595d7 wp-block-columns-is-layout-flex\">\n<div class=\"wp-block-column is-layout-flow wp-block-column-is-layout-flow\">\n<figure class=\"wp-block-image size-full\"><img loading=\"lazy\" decoding=\"async\" width=\"960\" height=\"720\" src=\"https:\/\/warex.cz\/app\/uploads\/2022\/01\/skolka-angel.jpg\" alt=\"\" class=\"wp-image-7807\" srcset=\"https:\/\/warex.cz\/app\/uploads\/2022\/01\/skolka-angel.jpg 960w, https:\/\/warex.cz\/app\/uploads\/2022\/01\/skolka-angel-300x225.jpg 300w, https:\/\/warex.cz\/app\/uploads\/2022\/01\/skolka-angel-768x576.jpg 768w\" sizes=\"auto, (max-width: 960px) 100vw, 960px\" \/><\/figure>\n<\/div>\n\n\n\n<div class=\"wp-block-column is-layout-flow wp-block-column-is-layout-flow\">\n<figure class=\"wp-block-image size-large\"><img loading=\"lazy\" decoding=\"async\" width=\"1024\" height=\"766\" src=\"https:\/\/warex.cz\/app\/uploads\/2022\/10\/IMG-20221027-WA0000-1024x766.jpg\" alt=\"\" class=\"wp-image-9070\" srcset=\"https:\/\/warex.cz\/app\/uploads\/2022\/10\/IMG-20221027-WA0000-1024x766.jpg 1024w, https:\/\/warex.cz\/app\/uploads\/2022\/10\/IMG-20221027-WA0000-300x224.jpg 300w, https:\/\/warex.cz\/app\/uploads\/2022\/10\/IMG-20221027-WA0000-768x575.jpg 768w, https:\/\/warex.cz\/app\/uploads\/2022\/10\/IMG-20221027-WA0000-1536x1149.jpg 1536w, https:\/\/warex.cz\/app\/uploads\/2022\/10\/IMG-20221027-WA0000-1320x987.jpg 1320w, https:\/\/warex.cz\/app\/uploads\/2022\/10\/IMG-20221027-WA0000.jpg 2048w\" sizes=\"auto, (max-width: 1024px) 100vw, 1024px\" \/><\/figure>\n<\/div>\n<\/div>\n","protected":false},"excerpt":{"rendered":"<p>Nutzen Sie die M\u00f6glichkeit, die bestehende Kapazit\u00e4t des Kindergartens oder der Schule in Form einer Modulbauweise zu erweitern. Der Vorteil ist Schnelligkeit und Variabilit\u00e4t. Die modulare Bauweise bietet eine kosteneffiziente und elegante L\u00f6sung, die alle Ihre Anforderungen erf\u00fcllt. Die Baugruppen k\u00f6nnen in einer energieeffizienten Variante mit individuellen Geb\u00e4udeh\u00fcllenl\u00f6sungen gebaut werden, und bereits fertiggestellte Geb\u00e4ude k\u00f6nnen &hellip; <a href=\"https:\/\/warex.cz\/de\/aktuality\/hintergrund-nachrichten\/kindergaerten-und-schulen\/\">Continued<\/a><\/p>\n","protected":false},"author":13,"featured_media":9070,"comment_status":"open","ping_status":"open","sticky":false,"template":"","format":"standard","meta":{"_acf_changed":false,"footnotes":""},"categories":[38],"tags":[],"class_list":["post-9162","post","type-post","status-publish","format-standard","has-post-thumbnail","hentry","category-hintergrund-nachrichten"],"acf":[],"yoast_head":"<!-- This site is optimized with the Yoast SEO plugin v26.9 - https:\/\/yoast.com\/product\/yoast-seo-wordpress\/ -->\n<title>Warex - Aktuality<\/title>\n<meta name=\"description\" content=\"Nutzen Sie die M\u00f6glichkeit, die bestehende Kapazit\u00e4t des Kindergartens oder der Schule in Form einer Modulbauweise zu erweitern.\" \/>\n<meta name=\"robots\" content=\"index, follow, max-snippet:-1, max-image-preview:large, max-video-preview:-1\" \/>\n<link rel=\"canonical\" href=\"https:\/\/warex.cz\/de\/aktuality\/hintergrund-nachrichten\/kindergaerten-und-schulen\/\" \/>\n<meta property=\"og:locale\" content=\"de_DE\" \/>\n<meta property=\"og:type\" content=\"article\" \/>\n<meta property=\"og:title\" content=\"Warex - Aktuality\" \/>\n<meta property=\"og:description\" content=\"Nutzen Sie die M\u00f6glichkeit, die bestehende Kapazit\u00e4t des Kindergartens oder der Schule in Form einer Modulbauweise zu erweitern.\" \/>\n<meta property=\"og:url\" content=\"https:\/\/warex.cz\/de\/aktuality\/hintergrund-nachrichten\/kindergaerten-und-schulen\/\" \/>\n<meta property=\"og:site_name\" content=\"Warex\" \/>\n<meta property=\"article:publisher\" content=\"https:\/\/www.facebook.com\/WarexCzech\/notifications\/\" \/>\n<meta property=\"article:published_time\" content=\"2022-11-22T12:19:00+00:00\" \/>\n<meta property=\"article:modified_time\" content=\"2022-11-29T12:20:00+00:00\" \/>\n<meta property=\"og:image\" content=\"https:\/\/warex.cz\/app\/uploads\/2022\/10\/IMG-20221027-WA0000.jpg\" \/>\n\t<meta property=\"og:image:width\" content=\"2048\" \/>\n\t<meta property=\"og:image:height\" content=\"1532\" \/>\n\t<meta property=\"og:image:type\" content=\"image\/jpeg\" \/>\n<meta name=\"author\" content=\"Miloslav Ju\u0159en\" \/>\n<meta name=\"twitter:card\" content=\"summary_large_image\" \/>\n<meta name=\"twitter:label1\" content=\"Verfasst von\" \/>\n\t<meta name=\"twitter:data1\" content=\"Miloslav Ju\u0159en\" \/>\n\t<meta name=\"twitter:label2\" content=\"Gesch\u00e4tzte Lesezeit\" \/>\n\t<meta name=\"twitter:data2\" content=\"2\u00a0Minuten\" \/>\n<script type=\"application\/ld+json\" class=\"yoast-schema-graph\">{\"@context\":\"https:\/\/schema.org\",\"@graph\":[{\"@type\":\"Article\",\"@id\":\"https:\/\/warex.cz\/de\/aktuality\/hintergrund-nachrichten\/kindergaerten-und-schulen\/#article\",\"isPartOf\":{\"@id\":\"https:\/\/warex.cz\/de\/aktuality\/hintergrund-nachrichten\/kindergaerten-und-schulen\/\"},\"author\":{\"name\":\"Miloslav Ju\u0159en\",\"@id\":\"https:\/\/warex.cz\/de\/#\/schema\/person\/9826157e7431ae05b463018d35a9b5ea\"},\"headline\":\"Kinderg\u00e4rten und Schulen\",\"datePublished\":\"2022-11-22T12:19:00+00:00\",\"dateModified\":\"2022-11-29T12:20:00+00:00\",\"mainEntityOfPage\":{\"@id\":\"https:\/\/warex.cz\/de\/aktuality\/hintergrund-nachrichten\/kindergaerten-und-schulen\/\"},\"wordCount\":145,\"commentCount\":0,\"image\":{\"@id\":\"https:\/\/warex.cz\/de\/aktuality\/hintergrund-nachrichten\/kindergaerten-und-schulen\/#primaryimage\"},\"thumbnailUrl\":\"https:\/\/warex.cz\/app\/uploads\/2022\/10\/IMG-20221027-WA0000.jpg\",\"articleSection\":[\"HINTERGRUND-NACHRICHTEN\"],\"inLanguage\":\"de\",\"potentialAction\":[{\"@type\":\"CommentAction\",\"name\":\"Comment\",\"target\":[\"https:\/\/warex.cz\/de\/aktuality\/hintergrund-nachrichten\/kindergaerten-und-schulen\/#respond\"]}]},{\"@type\":\"WebPage\",\"@id\":\"https:\/\/warex.cz\/de\/aktuality\/hintergrund-nachrichten\/kindergaerten-und-schulen\/\",\"url\":\"https:\/\/warex.cz\/de\/aktuality\/hintergrund-nachrichten\/kindergaerten-und-schulen\/\",\"name\":\"Warex - Aktuality\",\"isPartOf\":{\"@id\":\"https:\/\/warex.cz\/de\/#website\"},\"primaryImageOfPage\":{\"@id\":\"https:\/\/warex.cz\/de\/aktuality\/hintergrund-nachrichten\/kindergaerten-und-schulen\/#primaryimage\"},\"image\":{\"@id\":\"https:\/\/warex.cz\/de\/aktuality\/hintergrund-nachrichten\/kindergaerten-und-schulen\/#primaryimage\"},\"thumbnailUrl\":\"https:\/\/warex.cz\/app\/uploads\/2022\/10\/IMG-20221027-WA0000.jpg\",\"datePublished\":\"2022-11-22T12:19:00+00:00\",\"dateModified\":\"2022-11-29T12:20:00+00:00\",\"author\":{\"@id\":\"https:\/\/warex.cz\/de\/#\/schema\/person\/9826157e7431ae05b463018d35a9b5ea\"},\"description\":\"Nutzen Sie die M\u00f6glichkeit, die bestehende Kapazit\u00e4t des Kindergartens oder der Schule in Form einer Modulbauweise zu erweitern.\",\"breadcrumb\":{\"@id\":\"https:\/\/warex.cz\/de\/aktuality\/hintergrund-nachrichten\/kindergaerten-und-schulen\/#breadcrumb\"},\"inLanguage\":\"de\",\"potentialAction\":[{\"@type\":\"ReadAction\",\"target\":[\"https:\/\/warex.cz\/de\/aktuality\/hintergrund-nachrichten\/kindergaerten-und-schulen\/\"]}]},{\"@type\":\"ImageObject\",\"inLanguage\":\"de\",\"@id\":\"https:\/\/warex.cz\/de\/aktuality\/hintergrund-nachrichten\/kindergaerten-und-schulen\/#primaryimage\",\"url\":\"https:\/\/warex.cz\/app\/uploads\/2022\/10\/IMG-20221027-WA0000.jpg\",\"contentUrl\":\"https:\/\/warex.cz\/app\/uploads\/2022\/10\/IMG-20221027-WA0000.jpg\",\"width\":2048,\"height\":1532,\"caption\":\"\u041f\u043e\u0447\u0430\u0442\u043a\u043e\u0432\u0430 \u0448\u043a\u043e\u043b\u0430\"},{\"@type\":\"BreadcrumbList\",\"@id\":\"https:\/\/warex.cz\/de\/aktuality\/hintergrund-nachrichten\/kindergaerten-und-schulen\/#breadcrumb\",\"itemListElement\":[{\"@type\":\"ListItem\",\"position\":1,\"name\":\"Home\",\"item\":\"https:\/\/warex.cz\/de\/\"},{\"@type\":\"ListItem\",\"position\":2,\"name\":\"Kinderg\u00e4rten und Schulen\"}]},{\"@type\":\"WebSite\",\"@id\":\"https:\/\/warex.cz\/de\/#website\",\"url\":\"https:\/\/warex.cz\/de\/\",\"name\":\"Warex\",\"description\":\"Web spole\u010dnosti Warex\",\"potentialAction\":[{\"@type\":\"SearchAction\",\"target\":{\"@type\":\"EntryPoint\",\"urlTemplate\":\"https:\/\/warex.cz\/de\/?s={search_term_string}\"},\"query-input\":{\"@type\":\"PropertyValueSpecification\",\"valueRequired\":true,\"valueName\":\"search_term_string\"}}],\"inLanguage\":\"de\"},{\"@type\":\"Person\",\"@id\":\"https:\/\/warex.cz\/de\/#\/schema\/person\/9826157e7431ae05b463018d35a9b5ea\",\"name\":\"Miloslav Ju\u0159en\",\"image\":{\"@type\":\"ImageObject\",\"inLanguage\":\"de\",\"@id\":\"https:\/\/warex.cz\/de\/#\/schema\/person\/image\/\",\"url\":\"https:\/\/secure.gravatar.com\/avatar\/3d35f44e2eaeab2aad2e7d8c71c9e96a478e2aa11b67e10d48b562fe03f4fbc0?s=96&d=mm&r=g\",\"contentUrl\":\"https:\/\/secure.gravatar.com\/avatar\/3d35f44e2eaeab2aad2e7d8c71c9e96a478e2aa11b67e10d48b562fe03f4fbc0?s=96&d=mm&r=g\",\"caption\":\"Miloslav Ju\u0159en\"},\"sameAs\":[\"https:\/\/warex.cz\/\"],\"url\":\"https:\/\/warex.cz\/de\/aktuality\/author\/miloslav\/\"}]}<\/script>\n<!-- \/ Yoast SEO plugin. -->","yoast_head_json":{"title":"Warex - Aktuality","description":"Nutzen Sie die M\u00f6glichkeit, die bestehende Kapazit\u00e4t des Kindergartens oder der Schule in Form einer Modulbauweise zu erweitern.","robots":{"index":"index","follow":"follow","max-snippet":"max-snippet:-1","max-image-preview":"max-image-preview:large","max-video-preview":"max-video-preview:-1"},"canonical":"https:\/\/warex.cz\/de\/aktuality\/hintergrund-nachrichten\/kindergaerten-und-schulen\/","og_locale":"de_DE","og_type":"article","og_title":"Warex - Aktuality","og_description":"Nutzen Sie die M\u00f6glichkeit, die bestehende Kapazit\u00e4t des Kindergartens oder der Schule in Form einer Modulbauweise zu erweitern.","og_url":"https:\/\/warex.cz\/de\/aktuality\/hintergrund-nachrichten\/kindergaerten-und-schulen\/","og_site_name":"Warex","article_publisher":"https:\/\/www.facebook.com\/WarexCzech\/notifications\/","article_published_time":"2022-11-22T12:19:00+00:00","article_modified_time":"2022-11-29T12:20:00+00:00","og_image":[{"width":2048,"height":1532,"url":"https:\/\/warex.cz\/app\/uploads\/2022\/10\/IMG-20221027-WA0000.jpg","type":"image\/jpeg"}],"author":"Miloslav Ju\u0159en","twitter_card":"summary_large_image","twitter_misc":{"Verfasst von":"Miloslav Ju\u0159en","Gesch\u00e4tzte Lesezeit":"2\u00a0Minuten"},"schema":{"@context":"https:\/\/schema.org","@graph":[{"@type":"Article","@id":"https:\/\/warex.cz\/de\/aktuality\/hintergrund-nachrichten\/kindergaerten-und-schulen\/#article","isPartOf":{"@id":"https:\/\/warex.cz\/de\/aktuality\/hintergrund-nachrichten\/kindergaerten-und-schulen\/"},"author":{"name":"Miloslav Ju\u0159en","@id":"https:\/\/warex.cz\/de\/#\/schema\/person\/9826157e7431ae05b463018d35a9b5ea"},"headline":"Kinderg\u00e4rten und Schulen","datePublished":"2022-11-22T12:19:00+00:00","dateModified":"2022-11-29T12:20:00+00:00","mainEntityOfPage":{"@id":"https:\/\/warex.cz\/de\/aktuality\/hintergrund-nachrichten\/kindergaerten-und-schulen\/"},"wordCount":145,"commentCount":0,"image":{"@id":"https:\/\/warex.cz\/de\/aktuality\/hintergrund-nachrichten\/kindergaerten-und-schulen\/#primaryimage"},"thumbnailUrl":"https:\/\/warex.cz\/app\/uploads\/2022\/10\/IMG-20221027-WA0000.jpg","articleSection":["HINTERGRUND-NACHRICHTEN"],"inLanguage":"de","potentialAction":[{"@type":"CommentAction","name":"Comment","target":["https:\/\/warex.cz\/de\/aktuality\/hintergrund-nachrichten\/kindergaerten-und-schulen\/#respond"]}]},{"@type":"WebPage","@id":"https:\/\/warex.cz\/de\/aktuality\/hintergrund-nachrichten\/kindergaerten-und-schulen\/","url":"https:\/\/warex.cz\/de\/aktuality\/hintergrund-nachrichten\/kindergaerten-und-schulen\/","name":"Warex - Aktuality","isPartOf":{"@id":"https:\/\/warex.cz\/de\/#website"},"primaryImageOfPage":{"@id":"https:\/\/warex.cz\/de\/aktuality\/hintergrund-nachrichten\/kindergaerten-und-schulen\/#primaryimage"},"image":{"@id":"https:\/\/warex.cz\/de\/aktuality\/hintergrund-nachrichten\/kindergaerten-und-schulen\/#primaryimage"},"thumbnailUrl":"https:\/\/warex.cz\/app\/uploads\/2022\/10\/IMG-20221027-WA0000.jpg","datePublished":"2022-11-22T12:19:00+00:00","dateModified":"2022-11-29T12:20:00+00:00","author":{"@id":"https:\/\/warex.cz\/de\/#\/schema\/person\/9826157e7431ae05b463018d35a9b5ea"},"description":"Nutzen Sie die M\u00f6glichkeit, die bestehende Kapazit\u00e4t des Kindergartens oder der Schule in Form einer Modulbauweise zu erweitern.","breadcrumb":{"@id":"https:\/\/warex.cz\/de\/aktuality\/hintergrund-nachrichten\/kindergaerten-und-schulen\/#breadcrumb"},"inLanguage":"de","potentialAction":[{"@type":"ReadAction","target":["https:\/\/warex.cz\/de\/aktuality\/hintergrund-nachrichten\/kindergaerten-und-schulen\/"]}]},{"@type":"ImageObject","inLanguage":"de","@id":"https:\/\/warex.cz\/de\/aktuality\/hintergrund-nachrichten\/kindergaerten-und-schulen\/#primaryimage","url":"https:\/\/warex.cz\/app\/uploads\/2022\/10\/IMG-20221027-WA0000.jpg","contentUrl":"https:\/\/warex.cz\/app\/uploads\/2022\/10\/IMG-20221027-WA0000.jpg","width":2048,"height":1532,"caption":"\u041f\u043e\u0447\u0430\u0442\u043a\u043e\u0432\u0430 \u0448\u043a\u043e\u043b\u0430"},{"@type":"BreadcrumbList","@id":"https:\/\/warex.cz\/de\/aktuality\/hintergrund-nachrichten\/kindergaerten-und-schulen\/#breadcrumb","itemListElement":[{"@type":"ListItem","position":1,"name":"Home","item":"https:\/\/warex.cz\/de\/"},{"@type":"ListItem","position":2,"name":"Kinderg\u00e4rten und Schulen"}]},{"@type":"WebSite","@id":"https:\/\/warex.cz\/de\/#website","url":"https:\/\/warex.cz\/de\/","name":"Warex","description":"Web spole\u010dnosti Warex","potentialAction":[{"@type":"SearchAction","target":{"@type":"EntryPoint","urlTemplate":"https:\/\/warex.cz\/de\/?s={search_term_string}"},"query-input":{"@type":"PropertyValueSpecification","valueRequired":true,"valueName":"search_term_string"}}],"inLanguage":"de"},{"@type":"Person","@id":"https:\/\/warex.cz\/de\/#\/schema\/person\/9826157e7431ae05b463018d35a9b5ea","name":"Miloslav Ju\u0159en","image":{"@type":"ImageObject","inLanguage":"de","@id":"https:\/\/warex.cz\/de\/#\/schema\/person\/image\/","url":"https:\/\/secure.gravatar.com\/avatar\/3d35f44e2eaeab2aad2e7d8c71c9e96a478e2aa11b67e10d48b562fe03f4fbc0?s=96&d=mm&r=g","contentUrl":"https:\/\/secure.gravatar.com\/avatar\/3d35f44e2eaeab2aad2e7d8c71c9e96a478e2aa11b67e10d48b562fe03f4fbc0?s=96&d=mm&r=g","caption":"Miloslav Ju\u0159en"},"sameAs":["https:\/\/warex.cz\/"],"url":"https:\/\/warex.cz\/de\/aktuality\/author\/miloslav\/"}]}},"_links":{"self":[{"href":"https:\/\/warex.cz\/de\/wp-json\/wp\/v2\/posts\/9162","targetHints":{"allow":["GET"]}}],"collection":[{"href":"https:\/\/warex.cz\/de\/wp-json\/wp\/v2\/posts"}],"about":[{"href":"https:\/\/warex.cz\/de\/wp-json\/wp\/v2\/types\/post"}],"author":[{"embeddable":true,"href":"https:\/\/warex.cz\/de\/wp-json\/wp\/v2\/users\/13"}],"replies":[{"embeddable":true,"href":"https:\/\/warex.cz\/de\/wp-json\/wp\/v2\/comments?post=9162"}],"version-history":[{"count":1,"href":"https:\/\/warex.cz\/de\/wp-json\/wp\/v2\/posts\/9162\/revisions"}],"predecessor-version":[{"id":9163,"href":"https:\/\/warex.cz\/de\/wp-json\/wp\/v2\/posts\/9162\/revisions\/9163"}],"wp:featuredmedia":[{"embeddable":true,"href":"https:\/\/warex.cz\/de\/wp-json\/wp\/v2\/media\/9070"}],"wp:attachment":[{"href":"https:\/\/warex.cz\/de\/wp-json\/wp\/v2\/media?parent=9162"}],"wp:term":[{"taxonomy":"category","embeddable":true,"href":"https:\/\/warex.cz\/de\/wp-json\/wp\/v2\/categories?post=9162"},{"taxonomy":"post_tag","embeddable":true,"href":"https:\/\/warex.cz\/de\/wp-json\/wp\/v2\/tags?post=9162"}],"curies":[{"name":"wp","href":"https:\/\/api.w.org\/{rel}","templated":true}]}}