{"id":3584,"date":"2020-06-18T11:49:09","date_gmt":"2020-06-18T11:49:09","guid":{"rendered":"https:\/\/warex.cz\/aktuality\/uncategorized\/warex-ocelove-konstrukce-vystavba-vyrobni-haly-misto-cz-javornik\/"},"modified":"2020-06-18T12:37:09","modified_gmt":"2020-06-18T12:37:09","slug":"warex-steel-structures-construction-works-on-a-new-production-hall","status":"publish","type":"post","link":"https:\/\/warex.cz\/en\/aktuality\/backstage-news\/warex-steel-structures-construction-works-on-a-new-production-hall\/","title":{"rendered":"WAREX steel structures \u2013 construction works on a NEW production hall"},"content":{"rendered":"\n<p>The time has come when the downturn of economics due to pandemic situation is necessary to transform in future opportunities. Warex has used its temporarily free capacities very efficiently, to revitalize and build a new space for higher production volume of its three divisions, so we would be able to fulfill even the most demanding volume requirements from our customers.<\/p>\n\n\n\n<p>Where else &#8211; than in the region where we are \u201eat home\u201c in Javorn\u00edk, we are building another production hall with modern technology of automation and robotics.<\/p>\n\n\n\n<figure class=\"wp-block-gallery columns-3 is-cropped wp-block-gallery-1 is-layout-flex wp-block-gallery-is-layout-flex\"><ul class=\"blocks-gallery-grid\"><li class=\"blocks-gallery-item\"><figure><a href=\"https:\/\/warex.cz\/app\/uploads\/2020\/06\/Warex-pron\u00e1jem-obytn\u00fdch-kontejner\u016f3-1.jpg\"><img loading=\"lazy\" decoding=\"async\" width=\"960\" height=\"720\" src=\"https:\/\/warex.cz\/app\/uploads\/2020\/06\/Warex-pron\u00e1jem-obytn\u00fdch-kontejner\u016f3-1.jpg\" alt=\"\" data-id=\"3592\" data-full-url=\"https:\/\/warex.cz\/app\/uploads\/2020\/06\/Warex-pron\u00e1jem-obytn\u00fdch-kontejner\u016f3-1.jpg\" data-link=\"https:\/\/warex.cz\/en\/aktuality\/backstage-news\/warex-ocelove-konstrukce-vystavba-vyrobni-haly-misto-cz-javornik\/attachment\/warex-pronajem-obytnych-kontejneru3\/\" class=\"wp-image-3592\" srcset=\"https:\/\/warex.cz\/app\/uploads\/2020\/06\/Warex-pron\u00e1jem-obytn\u00fdch-kontejner\u016f3-1.jpg 960w, https:\/\/warex.cz\/app\/uploads\/2020\/06\/Warex-pron\u00e1jem-obytn\u00fdch-kontejner\u016f3-1-300x225.jpg 300w, https:\/\/warex.cz\/app\/uploads\/2020\/06\/Warex-pron\u00e1jem-obytn\u00fdch-kontejner\u016f3-1-768x576.jpg 768w\" sizes=\"auto, (max-width: 960px) 100vw, 960px\" \/><\/a><\/figure><\/li><li class=\"blocks-gallery-item\"><figure><a href=\"https:\/\/warex.cz\/app\/uploads\/2020\/06\/Warex-pron\u00e1jem-obytn\u00fdch-kontejner\u016f8-1.jpg\"><img loading=\"lazy\" decoding=\"async\" width=\"960\" height=\"720\" src=\"https:\/\/warex.cz\/app\/uploads\/2020\/06\/Warex-pron\u00e1jem-obytn\u00fdch-kontejner\u016f8-1.jpg\" alt=\"\" data-id=\"3607\" data-full-url=\"https:\/\/warex.cz\/app\/uploads\/2020\/06\/Warex-pron\u00e1jem-obytn\u00fdch-kontejner\u016f8-1.jpg\" data-link=\"https:\/\/warex.cz\/en\/aktuality\/backstage-news\/warex-ocelove-konstrukce-vystavba-vyrobni-haly-misto-cz-javornik\/attachment\/warex-pronajem-obytnych-kontejneru8\/\" class=\"wp-image-3607\" srcset=\"https:\/\/warex.cz\/app\/uploads\/2020\/06\/Warex-pron\u00e1jem-obytn\u00fdch-kontejner\u016f8-1.jpg 960w, https:\/\/warex.cz\/app\/uploads\/2020\/06\/Warex-pron\u00e1jem-obytn\u00fdch-kontejner\u016f8-1-300x225.jpg 300w, https:\/\/warex.cz\/app\/uploads\/2020\/06\/Warex-pron\u00e1jem-obytn\u00fdch-kontejner\u016f8-1-768x576.jpg 768w\" sizes=\"auto, (max-width: 960px) 100vw, 960px\" \/><\/a><\/figure><\/li><li class=\"blocks-gallery-item\"><figure><a href=\"https:\/\/warex.cz\/app\/uploads\/2020\/06\/Warex-pron\u00e1jem-obytn\u00fdch-kontejner\u016f4-1.jpg\"><img loading=\"lazy\" decoding=\"async\" width=\"960\" height=\"441\" src=\"https:\/\/warex.cz\/app\/uploads\/2020\/06\/Warex-pron\u00e1jem-obytn\u00fdch-kontejner\u016f4-1.jpg\" alt=\"\" data-id=\"3595\" data-full-url=\"https:\/\/warex.cz\/app\/uploads\/2020\/06\/Warex-pron\u00e1jem-obytn\u00fdch-kontejner\u016f4-1.jpg\" data-link=\"https:\/\/warex.cz\/en\/aktuality\/backstage-news\/warex-ocelove-konstrukce-vystavba-vyrobni-haly-misto-cz-javornik\/attachment\/warex-pronajem-obytnych-kontejneru4\/\" class=\"wp-image-3595\" srcset=\"https:\/\/warex.cz\/app\/uploads\/2020\/06\/Warex-pron\u00e1jem-obytn\u00fdch-kontejner\u016f4-1.jpg 960w, https:\/\/warex.cz\/app\/uploads\/2020\/06\/Warex-pron\u00e1jem-obytn\u00fdch-kontejner\u016f4-1-300x138.jpg 300w, https:\/\/warex.cz\/app\/uploads\/2020\/06\/Warex-pron\u00e1jem-obytn\u00fdch-kontejner\u016f4-1-768x353.jpg 768w\" sizes=\"auto, (max-width: 960px) 100vw, 960px\" \/><\/a><\/figure><\/li><li class=\"blocks-gallery-item\"><figure><a href=\"https:\/\/warex.cz\/app\/uploads\/2020\/06\/Warex-pron\u00e1jem-obytn\u00fdch-kontejner\u016f-1.jpg\"><img loading=\"lazy\" decoding=\"async\" width=\"960\" height=\"720\" src=\"https:\/\/warex.cz\/app\/uploads\/2020\/06\/Warex-pron\u00e1jem-obytn\u00fdch-kontejner\u016f-1.jpg\" alt=\"\" data-id=\"3586\" data-full-url=\"https:\/\/warex.cz\/app\/uploads\/2020\/06\/Warex-pron\u00e1jem-obytn\u00fdch-kontejner\u016f-1.jpg\" data-link=\"https:\/\/warex.cz\/en\/aktuality\/backstage-news\/warex-ocelove-konstrukce-vystavba-vyrobni-haly-misto-cz-javornik\/attachment\/warex-pronajem-obytnych-kontejneru\/\" class=\"wp-image-3586\" srcset=\"https:\/\/warex.cz\/app\/uploads\/2020\/06\/Warex-pron\u00e1jem-obytn\u00fdch-kontejner\u016f-1.jpg 960w, https:\/\/warex.cz\/app\/uploads\/2020\/06\/Warex-pron\u00e1jem-obytn\u00fdch-kontejner\u016f-1-300x225.jpg 300w, https:\/\/warex.cz\/app\/uploads\/2020\/06\/Warex-pron\u00e1jem-obytn\u00fdch-kontejner\u016f-1-768x576.jpg 768w\" sizes=\"auto, (max-width: 960px) 100vw, 960px\" \/><\/a><\/figure><\/li><li class=\"blocks-gallery-item\"><figure><a href=\"https:\/\/warex.cz\/app\/uploads\/2020\/06\/Warex-pron\u00e1jem-obytn\u00fdch-kontejner\u016f7-1.jpg\"><img loading=\"lazy\" decoding=\"async\" width=\"720\" height=\"960\" src=\"https:\/\/warex.cz\/app\/uploads\/2020\/06\/Warex-pron\u00e1jem-obytn\u00fdch-kontejner\u016f7-1.jpg\" alt=\"\" data-id=\"3604\" data-full-url=\"https:\/\/warex.cz\/app\/uploads\/2020\/06\/Warex-pron\u00e1jem-obytn\u00fdch-kontejner\u016f7-1.jpg\" data-link=\"https:\/\/warex.cz\/en\/aktuality\/backstage-news\/warex-ocelove-konstrukce-vystavba-vyrobni-haly-misto-cz-javornik\/attachment\/warex-pronajem-obytnych-kontejneru7\/\" class=\"wp-image-3604\" srcset=\"https:\/\/warex.cz\/app\/uploads\/2020\/06\/Warex-pron\u00e1jem-obytn\u00fdch-kontejner\u016f7-1.jpg 720w, https:\/\/warex.cz\/app\/uploads\/2020\/06\/Warex-pron\u00e1jem-obytn\u00fdch-kontejner\u016f7-1-225x300.jpg 225w\" sizes=\"auto, (max-width: 720px) 100vw, 720px\" \/><\/a><\/figure><\/li><li class=\"blocks-gallery-item\"><figure><a href=\"https:\/\/warex.cz\/app\/uploads\/2020\/06\/Warex-pron\u00e1jem-obytn\u00fdch-kontejner\u016f2-1.jpg\"><img loading=\"lazy\" decoding=\"async\" width=\"960\" height=\"652\" src=\"https:\/\/warex.cz\/app\/uploads\/2020\/06\/Warex-pron\u00e1jem-obytn\u00fdch-kontejner\u016f2-1.jpg\" alt=\"\" data-id=\"3589\" data-full-url=\"https:\/\/warex.cz\/app\/uploads\/2020\/06\/Warex-pron\u00e1jem-obytn\u00fdch-kontejner\u016f2-1.jpg\" data-link=\"https:\/\/warex.cz\/en\/aktuality\/backstage-news\/warex-ocelove-konstrukce-vystavba-vyrobni-haly-misto-cz-javornik\/attachment\/warex-pronajem-obytnych-kontejneru2\/\" class=\"wp-image-3589\" srcset=\"https:\/\/warex.cz\/app\/uploads\/2020\/06\/Warex-pron\u00e1jem-obytn\u00fdch-kontejner\u016f2-1.jpg 960w, https:\/\/warex.cz\/app\/uploads\/2020\/06\/Warex-pron\u00e1jem-obytn\u00fdch-kontejner\u016f2-1-300x204.jpg 300w, https:\/\/warex.cz\/app\/uploads\/2020\/06\/Warex-pron\u00e1jem-obytn\u00fdch-kontejner\u016f2-1-768x522.jpg 768w\" sizes=\"auto, (max-width: 960px) 100vw, 960px\" \/><\/a><\/figure><\/li><li class=\"blocks-gallery-item\"><figure><a href=\"https:\/\/warex.cz\/app\/uploads\/2020\/06\/Warex-pron\u00e1jem-obytn\u00fdch-kontejner\u016f6-1.jpg\"><img loading=\"lazy\" decoding=\"async\" width=\"720\" height=\"960\" src=\"https:\/\/warex.cz\/app\/uploads\/2020\/06\/Warex-pron\u00e1jem-obytn\u00fdch-kontejner\u016f6-1.jpg\" alt=\"\" data-id=\"3601\" data-full-url=\"https:\/\/warex.cz\/app\/uploads\/2020\/06\/Warex-pron\u00e1jem-obytn\u00fdch-kontejner\u016f6-1.jpg\" data-link=\"https:\/\/warex.cz\/en\/aktuality\/backstage-news\/warex-ocelove-konstrukce-vystavba-vyrobni-haly-misto-cz-javornik\/attachment\/warex-pronajem-obytnych-kontejneru6\/\" class=\"wp-image-3601\" srcset=\"https:\/\/warex.cz\/app\/uploads\/2020\/06\/Warex-pron\u00e1jem-obytn\u00fdch-kontejner\u016f6-1.jpg 720w, https:\/\/warex.cz\/app\/uploads\/2020\/06\/Warex-pron\u00e1jem-obytn\u00fdch-kontejner\u016f6-1-225x300.jpg 225w\" sizes=\"auto, (max-width: 720px) 100vw, 720px\" \/><\/a><\/figure><\/li><li class=\"blocks-gallery-item\"><figure><a href=\"https:\/\/warex.cz\/app\/uploads\/2020\/06\/Warex-pron\u00e1jem-obytn\u00fdch-kontejner\u016f9-1.jpg\"><img loading=\"lazy\" decoding=\"async\" width=\"960\" height=\"218\" src=\"https:\/\/warex.cz\/app\/uploads\/2020\/06\/Warex-pron\u00e1jem-obytn\u00fdch-kontejner\u016f9-1.jpg\" alt=\"\" data-id=\"3610\" data-full-url=\"https:\/\/warex.cz\/app\/uploads\/2020\/06\/Warex-pron\u00e1jem-obytn\u00fdch-kontejner\u016f9-1.jpg\" data-link=\"https:\/\/warex.cz\/en\/aktuality\/backstage-news\/warex-ocelove-konstrukce-vystavba-vyrobni-haly-misto-cz-javornik\/attachment\/warex-pronajem-obytnych-kontejneru9\/\" class=\"wp-image-3610\" srcset=\"https:\/\/warex.cz\/app\/uploads\/2020\/06\/Warex-pron\u00e1jem-obytn\u00fdch-kontejner\u016f9-1.jpg 960w, https:\/\/warex.cz\/app\/uploads\/2020\/06\/Warex-pron\u00e1jem-obytn\u00fdch-kontejner\u016f9-1-300x68.jpg 300w, https:\/\/warex.cz\/app\/uploads\/2020\/06\/Warex-pron\u00e1jem-obytn\u00fdch-kontejner\u016f9-1-768x174.jpg 768w\" sizes=\"auto, (max-width: 960px) 100vw, 960px\" \/><\/a><\/figure><\/li><li class=\"blocks-gallery-item\"><figure><a href=\"https:\/\/warex.cz\/app\/uploads\/2020\/06\/Warex-pron\u00e1jem-obytn\u00fdch-kontejner\u016f5-1.jpg\"><img loading=\"lazy\" decoding=\"async\" width=\"960\" height=\"413\" src=\"https:\/\/warex.cz\/app\/uploads\/2020\/06\/Warex-pron\u00e1jem-obytn\u00fdch-kontejner\u016f5-1.jpg\" alt=\"\" data-id=\"3598\" data-full-url=\"https:\/\/warex.cz\/app\/uploads\/2020\/06\/Warex-pron\u00e1jem-obytn\u00fdch-kontejner\u016f5-1.jpg\" data-link=\"https:\/\/warex.cz\/en\/aktuality\/backstage-news\/warex-ocelove-konstrukce-vystavba-vyrobni-haly-misto-cz-javornik\/attachment\/warex-pronajem-obytnych-kontejneru5\/\" class=\"wp-image-3598\" srcset=\"https:\/\/warex.cz\/app\/uploads\/2020\/06\/Warex-pron\u00e1jem-obytn\u00fdch-kontejner\u016f5-1.jpg 960w, https:\/\/warex.cz\/app\/uploads\/2020\/06\/Warex-pron\u00e1jem-obytn\u00fdch-kontejner\u016f5-1-300x129.jpg 300w, https:\/\/warex.cz\/app\/uploads\/2020\/06\/Warex-pron\u00e1jem-obytn\u00fdch-kontejner\u016f5-1-768x330.jpg 768w\" sizes=\"auto, (max-width: 960px) 100vw, 960px\" \/><\/a><\/figure><\/li><\/ul><\/figure>\n","protected":false},"excerpt":{"rendered":"<p>The time has come when the downturn of economics due to pandemic situation is necessary to transform in future opportunities. <\/p>\n","protected":false},"author":11,"featured_media":3575,"comment_status":"open","ping_status":"open","sticky":false,"template":"","format":"standard","meta":{"_acf_changed":false,"footnotes":""},"categories":[42],"tags":[],"class_list":["post-3584","post","type-post","status-publish","format-standard","has-post-thumbnail","hentry","category-backstage-news"],"acf":[],"yoast_head":"<!-- This site is optimized with the Yoast SEO plugin v26.9 - https:\/\/yoast.com\/product\/yoast-seo-wordpress\/ -->\n<title>WAREX steel structures \u2013 construction works on a NEW production hall<\/title>\n<meta name=\"description\" content=\"The time has come when the downturn of economics due to pandemic situation is necessary to transform in future opportunities.\" \/>\n<meta name=\"robots\" content=\"index, follow, max-snippet:-1, max-image-preview:large, max-video-preview:-1\" \/>\n<link rel=\"canonical\" href=\"https:\/\/warex.cz\/en\/aktuality\/backstage-news\/warex-steel-structures-construction-works-on-a-new-production-hall\/\" \/>\n<meta property=\"og:locale\" content=\"en_US\" \/>\n<meta property=\"og:type\" content=\"article\" \/>\n<meta property=\"og:title\" content=\"WAREX steel structures \u2013 construction works on a NEW production hall\" \/>\n<meta property=\"og:description\" content=\"The time has come when the downturn of economics due to pandemic situation is necessary to transform in future opportunities.\" \/>\n<meta property=\"og:url\" content=\"https:\/\/warex.cz\/en\/aktuality\/backstage-news\/warex-steel-structures-construction-works-on-a-new-production-hall\/\" \/>\n<meta property=\"og:site_name\" content=\"Warex\" \/>\n<meta property=\"article:publisher\" content=\"https:\/\/www.facebook.com\/WarexCzech\/notifications\/\" \/>\n<meta property=\"article:published_time\" content=\"2020-06-18T11:49:09+00:00\" \/>\n<meta property=\"article:modified_time\" content=\"2020-06-18T12:37:09+00:00\" \/>\n<meta property=\"og:image\" content=\"https:\/\/warex.cz\/app\/uploads\/2020\/06\/Warex-pron\u00e1jem-obytn\u00fdch-kontejner\u016f9.jpg\" \/>\n\t<meta property=\"og:image:width\" content=\"960\" \/>\n\t<meta property=\"og:image:height\" content=\"218\" \/>\n\t<meta property=\"og:image:type\" content=\"image\/jpeg\" \/>\n<meta name=\"author\" content=\"Bruno Dirb\u00e1k\" \/>\n<meta name=\"twitter:card\" content=\"summary_large_image\" \/>\n<meta name=\"twitter:label1\" content=\"Written by\" \/>\n\t<meta name=\"twitter:data1\" content=\"Bruno Dirb\u00e1k\" \/>\n<script type=\"application\/ld+json\" class=\"yoast-schema-graph\">{\"@context\":\"https:\/\/schema.org\",\"@graph\":[{\"@type\":\"Article\",\"@id\":\"https:\/\/warex.cz\/en\/aktuality\/backstage-news\/warex-steel-structures-construction-works-on-a-new-production-hall\/#article\",\"isPartOf\":{\"@id\":\"https:\/\/warex.cz\/en\/aktuality\/backstage-news\/warex-steel-structures-construction-works-on-a-new-production-hall\/\"},\"author\":{\"name\":\"Bruno Dirb\u00e1k\",\"@id\":\"https:\/\/warex.cz\/en\/#\/schema\/person\/13fc7115bc8df48336b7b79e6efa3f11\"},\"headline\":\"WAREX steel structures \u2013 construction works on a NEW production hall\",\"datePublished\":\"2020-06-18T11:49:09+00:00\",\"dateModified\":\"2020-06-18T12:37:09+00:00\",\"mainEntityOfPage\":{\"@id\":\"https:\/\/warex.cz\/en\/aktuality\/backstage-news\/warex-steel-structures-construction-works-on-a-new-production-hall\/\"},\"wordCount\":98,\"commentCount\":0,\"image\":{\"@id\":\"https:\/\/warex.cz\/en\/aktuality\/backstage-news\/warex-steel-structures-construction-works-on-a-new-production-hall\/#primaryimage\"},\"thumbnailUrl\":\"https:\/\/warex.cz\/app\/uploads\/2020\/06\/Warex-pron\u00e1jem-obytn\u00fdch-kontejner\u016f9.jpg\",\"articleSection\":[\"BACKSTAGE NEWS\"],\"inLanguage\":\"en-US\",\"potentialAction\":[{\"@type\":\"CommentAction\",\"name\":\"Comment\",\"target\":[\"https:\/\/warex.cz\/en\/aktuality\/backstage-news\/warex-steel-structures-construction-works-on-a-new-production-hall\/#respond\"]}]},{\"@type\":\"WebPage\",\"@id\":\"https:\/\/warex.cz\/en\/aktuality\/backstage-news\/warex-steel-structures-construction-works-on-a-new-production-hall\/\",\"url\":\"https:\/\/warex.cz\/en\/aktuality\/backstage-news\/warex-steel-structures-construction-works-on-a-new-production-hall\/\",\"name\":\"WAREX steel structures \u2013 construction works on a NEW production hall\",\"isPartOf\":{\"@id\":\"https:\/\/warex.cz\/en\/#website\"},\"primaryImageOfPage\":{\"@id\":\"https:\/\/warex.cz\/en\/aktuality\/backstage-news\/warex-steel-structures-construction-works-on-a-new-production-hall\/#primaryimage\"},\"image\":{\"@id\":\"https:\/\/warex.cz\/en\/aktuality\/backstage-news\/warex-steel-structures-construction-works-on-a-new-production-hall\/#primaryimage\"},\"thumbnailUrl\":\"https:\/\/warex.cz\/app\/uploads\/2020\/06\/Warex-pron\u00e1jem-obytn\u00fdch-kontejner\u016f9.jpg\",\"datePublished\":\"2020-06-18T11:49:09+00:00\",\"dateModified\":\"2020-06-18T12:37:09+00:00\",\"author\":{\"@id\":\"https:\/\/warex.cz\/en\/#\/schema\/person\/13fc7115bc8df48336b7b79e6efa3f11\"},\"description\":\"The time has come when the downturn of economics due to pandemic situation is necessary to transform in future opportunities.\",\"breadcrumb\":{\"@id\":\"https:\/\/warex.cz\/en\/aktuality\/backstage-news\/warex-steel-structures-construction-works-on-a-new-production-hall\/#breadcrumb\"},\"inLanguage\":\"en-US\",\"potentialAction\":[{\"@type\":\"ReadAction\",\"target\":[\"https:\/\/warex.cz\/en\/aktuality\/backstage-news\/warex-steel-structures-construction-works-on-a-new-production-hall\/\"]}]},{\"@type\":\"ImageObject\",\"inLanguage\":\"en-US\",\"@id\":\"https:\/\/warex.cz\/en\/aktuality\/backstage-news\/warex-steel-structures-construction-works-on-a-new-production-hall\/#primaryimage\",\"url\":\"https:\/\/warex.cz\/app\/uploads\/2020\/06\/Warex-pron\u00e1jem-obytn\u00fdch-kontejner\u016f9.jpg\",\"contentUrl\":\"https:\/\/warex.cz\/app\/uploads\/2020\/06\/Warex-pron\u00e1jem-obytn\u00fdch-kontejner\u016f9.jpg\",\"width\":960,\"height\":218,\"caption\":\"Warex-pron\u00e1jem-obytn\u00fdch-kontejner\u016f\"},{\"@type\":\"BreadcrumbList\",\"@id\":\"https:\/\/warex.cz\/en\/aktuality\/backstage-news\/warex-steel-structures-construction-works-on-a-new-production-hall\/#breadcrumb\",\"itemListElement\":[{\"@type\":\"ListItem\",\"position\":1,\"name\":\"Home\",\"item\":\"https:\/\/warex.cz\/en\/\"},{\"@type\":\"ListItem\",\"position\":2,\"name\":\"WAREX steel structures \u2013 construction works on a NEW production hall\"}]},{\"@type\":\"WebSite\",\"@id\":\"https:\/\/warex.cz\/en\/#website\",\"url\":\"https:\/\/warex.cz\/en\/\",\"name\":\"Warex\",\"description\":\"Web spole\u010dnosti Warex\",\"potentialAction\":[{\"@type\":\"SearchAction\",\"target\":{\"@type\":\"EntryPoint\",\"urlTemplate\":\"https:\/\/warex.cz\/en\/?s={search_term_string}\"},\"query-input\":{\"@type\":\"PropertyValueSpecification\",\"valueRequired\":true,\"valueName\":\"search_term_string\"}}],\"inLanguage\":\"en-US\"},{\"@type\":\"Person\",\"@id\":\"https:\/\/warex.cz\/en\/#\/schema\/person\/13fc7115bc8df48336b7b79e6efa3f11\",\"name\":\"Bruno Dirb\u00e1k\",\"image\":{\"@type\":\"ImageObject\",\"inLanguage\":\"en-US\",\"@id\":\"https:\/\/warex.cz\/en\/#\/schema\/person\/image\/\",\"url\":\"https:\/\/secure.gravatar.com\/avatar\/0fd31955cc8ca42a94131687204cc2cb4b9b9b0d09aeb5c9f60604cb13700b33?s=96&d=mm&r=g\",\"contentUrl\":\"https:\/\/secure.gravatar.com\/avatar\/0fd31955cc8ca42a94131687204cc2cb4b9b9b0d09aeb5c9f60604cb13700b33?s=96&d=mm&r=g\",\"caption\":\"Bruno Dirb\u00e1k\"},\"sameAs\":[\"https:\/\/warex.cz\/\"],\"url\":\"https:\/\/warex.cz\/en\/aktuality\/author\/bruno\/\"}]}<\/script>\n<!-- \/ Yoast SEO plugin. -->","yoast_head_json":{"title":"WAREX steel structures \u2013 construction works on a NEW production hall","description":"The time has come when the downturn of economics due to pandemic situation is necessary to transform in future opportunities.","robots":{"index":"index","follow":"follow","max-snippet":"max-snippet:-1","max-image-preview":"max-image-preview:large","max-video-preview":"max-video-preview:-1"},"canonical":"https:\/\/warex.cz\/en\/aktuality\/backstage-news\/warex-steel-structures-construction-works-on-a-new-production-hall\/","og_locale":"en_US","og_type":"article","og_title":"WAREX steel structures \u2013 construction works on a NEW production hall","og_description":"The time has come when the downturn of economics due to pandemic situation is necessary to transform in future opportunities.","og_url":"https:\/\/warex.cz\/en\/aktuality\/backstage-news\/warex-steel-structures-construction-works-on-a-new-production-hall\/","og_site_name":"Warex","article_publisher":"https:\/\/www.facebook.com\/WarexCzech\/notifications\/","article_published_time":"2020-06-18T11:49:09+00:00","article_modified_time":"2020-06-18T12:37:09+00:00","og_image":[{"width":960,"height":218,"url":"https:\/\/warex.cz\/app\/uploads\/2020\/06\/Warex-pron\u00e1jem-obytn\u00fdch-kontejner\u016f9.jpg","type":"image\/jpeg"}],"author":"Bruno Dirb\u00e1k","twitter_card":"summary_large_image","twitter_misc":{"Written by":"Bruno Dirb\u00e1k"},"schema":{"@context":"https:\/\/schema.org","@graph":[{"@type":"Article","@id":"https:\/\/warex.cz\/en\/aktuality\/backstage-news\/warex-steel-structures-construction-works-on-a-new-production-hall\/#article","isPartOf":{"@id":"https:\/\/warex.cz\/en\/aktuality\/backstage-news\/warex-steel-structures-construction-works-on-a-new-production-hall\/"},"author":{"name":"Bruno Dirb\u00e1k","@id":"https:\/\/warex.cz\/en\/#\/schema\/person\/13fc7115bc8df48336b7b79e6efa3f11"},"headline":"WAREX steel structures \u2013 construction works on a NEW production hall","datePublished":"2020-06-18T11:49:09+00:00","dateModified":"2020-06-18T12:37:09+00:00","mainEntityOfPage":{"@id":"https:\/\/warex.cz\/en\/aktuality\/backstage-news\/warex-steel-structures-construction-works-on-a-new-production-hall\/"},"wordCount":98,"commentCount":0,"image":{"@id":"https:\/\/warex.cz\/en\/aktuality\/backstage-news\/warex-steel-structures-construction-works-on-a-new-production-hall\/#primaryimage"},"thumbnailUrl":"https:\/\/warex.cz\/app\/uploads\/2020\/06\/Warex-pron\u00e1jem-obytn\u00fdch-kontejner\u016f9.jpg","articleSection":["BACKSTAGE NEWS"],"inLanguage":"en-US","potentialAction":[{"@type":"CommentAction","name":"Comment","target":["https:\/\/warex.cz\/en\/aktuality\/backstage-news\/warex-steel-structures-construction-works-on-a-new-production-hall\/#respond"]}]},{"@type":"WebPage","@id":"https:\/\/warex.cz\/en\/aktuality\/backstage-news\/warex-steel-structures-construction-works-on-a-new-production-hall\/","url":"https:\/\/warex.cz\/en\/aktuality\/backstage-news\/warex-steel-structures-construction-works-on-a-new-production-hall\/","name":"WAREX steel structures \u2013 construction works on a NEW production hall","isPartOf":{"@id":"https:\/\/warex.cz\/en\/#website"},"primaryImageOfPage":{"@id":"https:\/\/warex.cz\/en\/aktuality\/backstage-news\/warex-steel-structures-construction-works-on-a-new-production-hall\/#primaryimage"},"image":{"@id":"https:\/\/warex.cz\/en\/aktuality\/backstage-news\/warex-steel-structures-construction-works-on-a-new-production-hall\/#primaryimage"},"thumbnailUrl":"https:\/\/warex.cz\/app\/uploads\/2020\/06\/Warex-pron\u00e1jem-obytn\u00fdch-kontejner\u016f9.jpg","datePublished":"2020-06-18T11:49:09+00:00","dateModified":"2020-06-18T12:37:09+00:00","author":{"@id":"https:\/\/warex.cz\/en\/#\/schema\/person\/13fc7115bc8df48336b7b79e6efa3f11"},"description":"The time has come when the downturn of economics due to pandemic situation is necessary to transform in future opportunities.","breadcrumb":{"@id":"https:\/\/warex.cz\/en\/aktuality\/backstage-news\/warex-steel-structures-construction-works-on-a-new-production-hall\/#breadcrumb"},"inLanguage":"en-US","potentialAction":[{"@type":"ReadAction","target":["https:\/\/warex.cz\/en\/aktuality\/backstage-news\/warex-steel-structures-construction-works-on-a-new-production-hall\/"]}]},{"@type":"ImageObject","inLanguage":"en-US","@id":"https:\/\/warex.cz\/en\/aktuality\/backstage-news\/warex-steel-structures-construction-works-on-a-new-production-hall\/#primaryimage","url":"https:\/\/warex.cz\/app\/uploads\/2020\/06\/Warex-pron\u00e1jem-obytn\u00fdch-kontejner\u016f9.jpg","contentUrl":"https:\/\/warex.cz\/app\/uploads\/2020\/06\/Warex-pron\u00e1jem-obytn\u00fdch-kontejner\u016f9.jpg","width":960,"height":218,"caption":"Warex-pron\u00e1jem-obytn\u00fdch-kontejner\u016f"},{"@type":"BreadcrumbList","@id":"https:\/\/warex.cz\/en\/aktuality\/backstage-news\/warex-steel-structures-construction-works-on-a-new-production-hall\/#breadcrumb","itemListElement":[{"@type":"ListItem","position":1,"name":"Home","item":"https:\/\/warex.cz\/en\/"},{"@type":"ListItem","position":2,"name":"WAREX steel structures \u2013 construction works on a NEW production hall"}]},{"@type":"WebSite","@id":"https:\/\/warex.cz\/en\/#website","url":"https:\/\/warex.cz\/en\/","name":"Warex","description":"Web spole\u010dnosti Warex","potentialAction":[{"@type":"SearchAction","target":{"@type":"EntryPoint","urlTemplate":"https:\/\/warex.cz\/en\/?s={search_term_string}"},"query-input":{"@type":"PropertyValueSpecification","valueRequired":true,"valueName":"search_term_string"}}],"inLanguage":"en-US"},{"@type":"Person","@id":"https:\/\/warex.cz\/en\/#\/schema\/person\/13fc7115bc8df48336b7b79e6efa3f11","name":"Bruno Dirb\u00e1k","image":{"@type":"ImageObject","inLanguage":"en-US","@id":"https:\/\/warex.cz\/en\/#\/schema\/person\/image\/","url":"https:\/\/secure.gravatar.com\/avatar\/0fd31955cc8ca42a94131687204cc2cb4b9b9b0d09aeb5c9f60604cb13700b33?s=96&d=mm&r=g","contentUrl":"https:\/\/secure.gravatar.com\/avatar\/0fd31955cc8ca42a94131687204cc2cb4b9b9b0d09aeb5c9f60604cb13700b33?s=96&d=mm&r=g","caption":"Bruno Dirb\u00e1k"},"sameAs":["https:\/\/warex.cz\/"],"url":"https:\/\/warex.cz\/en\/aktuality\/author\/bruno\/"}]}},"_links":{"self":[{"href":"https:\/\/warex.cz\/en\/wp-json\/wp\/v2\/posts\/3584","targetHints":{"allow":["GET"]}}],"collection":[{"href":"https:\/\/warex.cz\/en\/wp-json\/wp\/v2\/posts"}],"about":[{"href":"https:\/\/warex.cz\/en\/wp-json\/wp\/v2\/types\/post"}],"author":[{"embeddable":true,"href":"https:\/\/warex.cz\/en\/wp-json\/wp\/v2\/users\/11"}],"replies":[{"embeddable":true,"href":"https:\/\/warex.cz\/en\/wp-json\/wp\/v2\/comments?post=3584"}],"version-history":[{"count":2,"href":"https:\/\/warex.cz\/en\/wp-json\/wp\/v2\/posts\/3584\/revisions"}],"predecessor-version":[{"id":3647,"href":"https:\/\/warex.cz\/en\/wp-json\/wp\/v2\/posts\/3584\/revisions\/3647"}],"wp:featuredmedia":[{"embeddable":true,"href":"https:\/\/warex.cz\/en\/wp-json\/wp\/v2\/media\/3575"}],"wp:attachment":[{"href":"https:\/\/warex.cz\/en\/wp-json\/wp\/v2\/media?parent=3584"}],"wp:term":[{"taxonomy":"category","embeddable":true,"href":"https:\/\/warex.cz\/en\/wp-json\/wp\/v2\/categories?post=3584"},{"taxonomy":"post_tag","embeddable":true,"href":"https:\/\/warex.cz\/en\/wp-json\/wp\/v2\/tags?post=3584"}],"curies":[{"name":"wp","href":"https:\/\/api.w.org\/{rel}","templated":true}]}}