{"id":9157,"date":"2022-10-25T12:35:00","date_gmt":"2022-10-25T10:35:00","guid":{"rendered":"https:\/\/warex.cz\/?p=9157"},"modified":"2022-11-29T12:37:48","modified_gmt":"2022-11-29T11:37:48","slug":"expansion-of-primary-school-capacity","status":"publish","type":"post","link":"https:\/\/warex.cz\/en\/aktuality\/backstage-news\/expansion-of-primary-school-capacity\/","title":{"rendered":"Expansion of primary school capacity"},"content":{"rendered":"\n<p>We have expanded the capacity of the primary school in Prague Uh\u0159\u00edn\u011bvsi. The school consists of a combination of 28 modules with dimensions 6x3m, 6\u00d72.4m and 3.2m and 3.35m clear height respectively. Interior design and equipment tailored to the needs of the investor on an area of 211m2.<\/p>\n\n\n\n<p>The assembly was designed and realized in a very energy-efficient class. Thanks to the structurally efficient method of implementation through prefabricated modular structures with the required thermal insulation properties of the building envelope and fire safety properties of the interior enclosures. Precise preparation for cooling\/heating and air exchange control technologies, the installation of Siberian larch fa\u00e7ade cladding in combination with Alubond panels.<\/p>\n\n\n\n<p>The building houses 4 classrooms, classrooms and sanitary facilities. The container frames are hot-dip galvanized. Heating is provided by a heat pump including heat recovery and has a metering and control system where each classroom can be individually controlled based on the current capacity load. The building envelope technology designed in this way, together with the heating, cooling and controlled ventilation technologies with heat recovery, represents tens of thousands of crowns of energy savings per year. The implementation, including the substructure with connections and project documentation, took only 2 months.<\/p>\n\n\n\n<div class=\"wp-block-columns is-layout-flex wp-container-core-columns-is-layout-9d6595d7 wp-block-columns-is-layout-flex\">\n<div class=\"wp-block-column is-layout-flow wp-block-column-is-layout-flow\">\n<figure class=\"wp-block-image size-large\"><img loading=\"lazy\" decoding=\"async\" width=\"1024\" height=\"638\" src=\"https:\/\/warex.cz\/app\/uploads\/2022\/10\/skola-1024x638.jpg\" alt=\"\" class=\"wp-image-9050\" srcset=\"https:\/\/warex.cz\/app\/uploads\/2022\/10\/skola-1024x638.jpg 1024w, https:\/\/warex.cz\/app\/uploads\/2022\/10\/skola-300x187.jpg 300w, https:\/\/warex.cz\/app\/uploads\/2022\/10\/skola-768x479.jpg 768w, https:\/\/warex.cz\/app\/uploads\/2022\/10\/skola.jpg 1186w\" sizes=\"auto, (max-width: 1024px) 100vw, 1024px\" \/><\/figure>\n<\/div>\n\n\n\n<div class=\"wp-block-column is-layout-flow wp-block-column-is-layout-flow\">\n<figure class=\"wp-block-image size-large is-resized\"><img loading=\"lazy\" decoding=\"async\" src=\"https:\/\/warex.cz\/app\/uploads\/2022\/10\/IMG-20221027-WA0000-1024x766.jpg\" alt=\"\" class=\"wp-image-9069\" width=\"472\" height=\"352\" srcset=\"https:\/\/warex.cz\/app\/uploads\/2022\/10\/IMG-20221027-WA0000-1024x766.jpg 1024w, https:\/\/warex.cz\/app\/uploads\/2022\/10\/IMG-20221027-WA0000-300x224.jpg 300w, https:\/\/warex.cz\/app\/uploads\/2022\/10\/IMG-20221027-WA0000-768x575.jpg 768w, https:\/\/warex.cz\/app\/uploads\/2022\/10\/IMG-20221027-WA0000-1536x1149.jpg 1536w, https:\/\/warex.cz\/app\/uploads\/2022\/10\/IMG-20221027-WA0000-1320x987.jpg 1320w, https:\/\/warex.cz\/app\/uploads\/2022\/10\/IMG-20221027-WA0000.jpg 2048w\" sizes=\"auto, (max-width: 472px) 100vw, 472px\" \/><\/figure>\n<\/div>\n<\/div>\n\n\n\n<div class=\"wp-block-columns is-layout-flex wp-container-core-columns-is-layout-9d6595d7 wp-block-columns-is-layout-flex\">\n<div class=\"wp-block-column is-layout-flow wp-block-column-is-layout-flow\">\n<figure class=\"wp-block-image size-large\"><img loading=\"lazy\" decoding=\"async\" width=\"1024\" height=\"678\" src=\"https:\/\/warex.cz\/app\/uploads\/2022\/10\/DSC_0050-1024x678.jpg\" alt=\"\" class=\"wp-image-9057\" srcset=\"https:\/\/warex.cz\/app\/uploads\/2022\/10\/DSC_0050-1024x678.jpg 1024w, https:\/\/warex.cz\/app\/uploads\/2022\/10\/DSC_0050-300x199.jpg 300w, https:\/\/warex.cz\/app\/uploads\/2022\/10\/DSC_0050-768x509.jpg 768w, https:\/\/warex.cz\/app\/uploads\/2022\/10\/DSC_0050.jpg 1184w\" sizes=\"auto, (max-width: 1024px) 100vw, 1024px\" \/><\/figure>\n<\/div>\n\n\n\n<div class=\"wp-block-column is-layout-flow wp-block-column-is-layout-flow\">\n<figure class=\"wp-block-image size-large is-resized\"><img loading=\"lazy\" decoding=\"async\" src=\"https:\/\/warex.cz\/app\/uploads\/2022\/10\/IMG-20221027-WA0008-766x1024.jpg\" alt=\"\" class=\"wp-image-9072\" width=\"280\" height=\"374\" srcset=\"https:\/\/warex.cz\/app\/uploads\/2022\/10\/IMG-20221027-WA0008-766x1024.jpg 766w, https:\/\/warex.cz\/app\/uploads\/2022\/10\/IMG-20221027-WA0008-224x300.jpg 224w, https:\/\/warex.cz\/app\/uploads\/2022\/10\/IMG-20221027-WA0008-768x1027.jpg 768w, https:\/\/warex.cz\/app\/uploads\/2022\/10\/IMG-20221027-WA0008-1149x1536.jpg 1149w, https:\/\/warex.cz\/app\/uploads\/2022\/10\/IMG-20221027-WA0008-1320x1765.jpg 1320w, https:\/\/warex.cz\/app\/uploads\/2022\/10\/IMG-20221027-WA0008.jpg 1532w\" sizes=\"auto, (max-width: 280px) 100vw, 280px\" \/><\/figure>\n<\/div>\n<\/div>\n","protected":false},"excerpt":{"rendered":"<p>We have expanded the capacity of the primary school in Prague Uh\u0159\u00edn\u011bvsi. The school consists of a combination of 28 modules with dimensions 6x3m, 6\u00d72.4m and 3.2m and 3.35m clear height respectively. Interior design and equipment tailored to the needs of the investor on an area of 211m2. The assembly was designed and realized in &hellip; <a href=\"https:\/\/warex.cz\/en\/aktuality\/backstage-news\/expansion-of-primary-school-capacity\/\">Continued<\/a><\/p>\n","protected":false},"author":13,"featured_media":9050,"comment_status":"open","ping_status":"open","sticky":false,"template":"","format":"standard","meta":{"_acf_changed":false,"footnotes":""},"categories":[42],"tags":[],"class_list":["post-9157","post","type-post","status-publish","format-standard","has-post-thumbnail","hentry","category-backstage-news"],"acf":[],"yoast_head":"<!-- This site is optimized with the Yoast SEO plugin v26.9 - https:\/\/yoast.com\/product\/yoast-seo-wordpress\/ -->\n<title>Warex - Aktuality<\/title>\n<meta name=\"description\" content=\"We have expanded the capacity of the primary school in Prague Uh\u0159\u00edn\u011bvsi. The school consists of a combination of 28 modules.\" \/>\n<meta name=\"robots\" content=\"index, follow, max-snippet:-1, max-image-preview:large, max-video-preview:-1\" \/>\n<link rel=\"canonical\" href=\"https:\/\/warex.cz\/en\/aktuality\/backstage-news\/expansion-of-primary-school-capacity\/\" \/>\n<meta property=\"og:locale\" content=\"en_US\" \/>\n<meta property=\"og:type\" content=\"article\" \/>\n<meta property=\"og:title\" content=\"Warex - Aktuality\" \/>\n<meta property=\"og:description\" content=\"We have expanded the capacity of the primary school in Prague Uh\u0159\u00edn\u011bvsi. The school consists of a combination of 28 modules.\" \/>\n<meta property=\"og:url\" content=\"https:\/\/warex.cz\/en\/aktuality\/backstage-news\/expansion-of-primary-school-capacity\/\" \/>\n<meta property=\"og:site_name\" content=\"Warex\" \/>\n<meta property=\"article:publisher\" content=\"https:\/\/www.facebook.com\/WarexCzech\/notifications\/\" \/>\n<meta property=\"article:published_time\" content=\"2022-10-25T10:35:00+00:00\" \/>\n<meta property=\"article:modified_time\" content=\"2022-11-29T11:37:48+00:00\" \/>\n<meta property=\"og:image\" content=\"https:\/\/warex.cz\/app\/uploads\/2022\/10\/skola.jpg\" \/>\n\t<meta property=\"og:image:width\" content=\"1186\" \/>\n\t<meta property=\"og:image:height\" content=\"739\" \/>\n\t<meta property=\"og:image:type\" content=\"image\/jpeg\" \/>\n<meta name=\"author\" content=\"Miloslav Ju\u0159en\" \/>\n<meta name=\"twitter:card\" content=\"summary_large_image\" \/>\n<meta name=\"twitter:label1\" content=\"Written by\" \/>\n\t<meta name=\"twitter:data1\" content=\"Miloslav Ju\u0159en\" \/>\n\t<meta name=\"twitter:label2\" content=\"Est. reading time\" \/>\n\t<meta name=\"twitter:data2\" content=\"2 minutes\" \/>\n<script type=\"application\/ld+json\" class=\"yoast-schema-graph\">{\"@context\":\"https:\/\/schema.org\",\"@graph\":[{\"@type\":\"Article\",\"@id\":\"https:\/\/warex.cz\/en\/aktuality\/backstage-news\/expansion-of-primary-school-capacity\/#article\",\"isPartOf\":{\"@id\":\"https:\/\/warex.cz\/en\/aktuality\/backstage-news\/expansion-of-primary-school-capacity\/\"},\"author\":{\"name\":\"Miloslav Ju\u0159en\",\"@id\":\"https:\/\/warex.cz\/en\/#\/schema\/person\/9826157e7431ae05b463018d35a9b5ea\"},\"headline\":\"Expansion of primary school capacity\",\"datePublished\":\"2022-10-25T10:35:00+00:00\",\"dateModified\":\"2022-11-29T11:37:48+00:00\",\"mainEntityOfPage\":{\"@id\":\"https:\/\/warex.cz\/en\/aktuality\/backstage-news\/expansion-of-primary-school-capacity\/\"},\"wordCount\":207,\"commentCount\":0,\"image\":{\"@id\":\"https:\/\/warex.cz\/en\/aktuality\/backstage-news\/expansion-of-primary-school-capacity\/#primaryimage\"},\"thumbnailUrl\":\"https:\/\/warex.cz\/app\/uploads\/2022\/10\/skola.jpg\",\"articleSection\":[\"BACKSTAGE NEWS\"],\"inLanguage\":\"en-US\",\"potentialAction\":[{\"@type\":\"CommentAction\",\"name\":\"Comment\",\"target\":[\"https:\/\/warex.cz\/en\/aktuality\/backstage-news\/expansion-of-primary-school-capacity\/#respond\"]}]},{\"@type\":\"WebPage\",\"@id\":\"https:\/\/warex.cz\/en\/aktuality\/backstage-news\/expansion-of-primary-school-capacity\/\",\"url\":\"https:\/\/warex.cz\/en\/aktuality\/backstage-news\/expansion-of-primary-school-capacity\/\",\"name\":\"Warex - Aktuality\",\"isPartOf\":{\"@id\":\"https:\/\/warex.cz\/en\/#website\"},\"primaryImageOfPage\":{\"@id\":\"https:\/\/warex.cz\/en\/aktuality\/backstage-news\/expansion-of-primary-school-capacity\/#primaryimage\"},\"image\":{\"@id\":\"https:\/\/warex.cz\/en\/aktuality\/backstage-news\/expansion-of-primary-school-capacity\/#primaryimage\"},\"thumbnailUrl\":\"https:\/\/warex.cz\/app\/uploads\/2022\/10\/skola.jpg\",\"datePublished\":\"2022-10-25T10:35:00+00:00\",\"dateModified\":\"2022-11-29T11:37:48+00:00\",\"author\":{\"@id\":\"https:\/\/warex.cz\/en\/#\/schema\/person\/9826157e7431ae05b463018d35a9b5ea\"},\"description\":\"We have expanded the capacity of the primary school in Prague Uh\u0159\u00edn\u011bvsi. The school consists of a combination of 28 modules.\",\"breadcrumb\":{\"@id\":\"https:\/\/warex.cz\/en\/aktuality\/backstage-news\/expansion-of-primary-school-capacity\/#breadcrumb\"},\"inLanguage\":\"en-US\",\"potentialAction\":[{\"@type\":\"ReadAction\",\"target\":[\"https:\/\/warex.cz\/en\/aktuality\/backstage-news\/expansion-of-primary-school-capacity\/\"]}]},{\"@type\":\"ImageObject\",\"inLanguage\":\"en-US\",\"@id\":\"https:\/\/warex.cz\/en\/aktuality\/backstage-news\/expansion-of-primary-school-capacity\/#primaryimage\",\"url\":\"https:\/\/warex.cz\/app\/uploads\/2022\/10\/skola.jpg\",\"contentUrl\":\"https:\/\/warex.cz\/app\/uploads\/2022\/10\/skola.jpg\",\"width\":1186,\"height\":739},{\"@type\":\"BreadcrumbList\",\"@id\":\"https:\/\/warex.cz\/en\/aktuality\/backstage-news\/expansion-of-primary-school-capacity\/#breadcrumb\",\"itemListElement\":[{\"@type\":\"ListItem\",\"position\":1,\"name\":\"Home\",\"item\":\"https:\/\/warex.cz\/en\/\"},{\"@type\":\"ListItem\",\"position\":2,\"name\":\"Expansion of primary school capacity\"}]},{\"@type\":\"WebSite\",\"@id\":\"https:\/\/warex.cz\/en\/#website\",\"url\":\"https:\/\/warex.cz\/en\/\",\"name\":\"Warex\",\"description\":\"Web spole\u010dnosti Warex\",\"potentialAction\":[{\"@type\":\"SearchAction\",\"target\":{\"@type\":\"EntryPoint\",\"urlTemplate\":\"https:\/\/warex.cz\/en\/?s={search_term_string}\"},\"query-input\":{\"@type\":\"PropertyValueSpecification\",\"valueRequired\":true,\"valueName\":\"search_term_string\"}}],\"inLanguage\":\"en-US\"},{\"@type\":\"Person\",\"@id\":\"https:\/\/warex.cz\/en\/#\/schema\/person\/9826157e7431ae05b463018d35a9b5ea\",\"name\":\"Miloslav Ju\u0159en\",\"image\":{\"@type\":\"ImageObject\",\"inLanguage\":\"en-US\",\"@id\":\"https:\/\/warex.cz\/en\/#\/schema\/person\/image\/\",\"url\":\"https:\/\/secure.gravatar.com\/avatar\/3d35f44e2eaeab2aad2e7d8c71c9e96a478e2aa11b67e10d48b562fe03f4fbc0?s=96&d=mm&r=g\",\"contentUrl\":\"https:\/\/secure.gravatar.com\/avatar\/3d35f44e2eaeab2aad2e7d8c71c9e96a478e2aa11b67e10d48b562fe03f4fbc0?s=96&d=mm&r=g\",\"caption\":\"Miloslav Ju\u0159en\"},\"sameAs\":[\"https:\/\/warex.cz\/\"],\"url\":\"https:\/\/warex.cz\/en\/aktuality\/author\/miloslav\/\"}]}<\/script>\n<!-- \/ Yoast SEO plugin. -->","yoast_head_json":{"title":"Warex - Aktuality","description":"We have expanded the capacity of the primary school in Prague Uh\u0159\u00edn\u011bvsi. The school consists of a combination of 28 modules.","robots":{"index":"index","follow":"follow","max-snippet":"max-snippet:-1","max-image-preview":"max-image-preview:large","max-video-preview":"max-video-preview:-1"},"canonical":"https:\/\/warex.cz\/en\/aktuality\/backstage-news\/expansion-of-primary-school-capacity\/","og_locale":"en_US","og_type":"article","og_title":"Warex - Aktuality","og_description":"We have expanded the capacity of the primary school in Prague Uh\u0159\u00edn\u011bvsi. The school consists of a combination of 28 modules.","og_url":"https:\/\/warex.cz\/en\/aktuality\/backstage-news\/expansion-of-primary-school-capacity\/","og_site_name":"Warex","article_publisher":"https:\/\/www.facebook.com\/WarexCzech\/notifications\/","article_published_time":"2022-10-25T10:35:00+00:00","article_modified_time":"2022-11-29T11:37:48+00:00","og_image":[{"width":1186,"height":739,"url":"https:\/\/warex.cz\/app\/uploads\/2022\/10\/skola.jpg","type":"image\/jpeg"}],"author":"Miloslav Ju\u0159en","twitter_card":"summary_large_image","twitter_misc":{"Written by":"Miloslav Ju\u0159en","Est. reading time":"2 minutes"},"schema":{"@context":"https:\/\/schema.org","@graph":[{"@type":"Article","@id":"https:\/\/warex.cz\/en\/aktuality\/backstage-news\/expansion-of-primary-school-capacity\/#article","isPartOf":{"@id":"https:\/\/warex.cz\/en\/aktuality\/backstage-news\/expansion-of-primary-school-capacity\/"},"author":{"name":"Miloslav Ju\u0159en","@id":"https:\/\/warex.cz\/en\/#\/schema\/person\/9826157e7431ae05b463018d35a9b5ea"},"headline":"Expansion of primary school capacity","datePublished":"2022-10-25T10:35:00+00:00","dateModified":"2022-11-29T11:37:48+00:00","mainEntityOfPage":{"@id":"https:\/\/warex.cz\/en\/aktuality\/backstage-news\/expansion-of-primary-school-capacity\/"},"wordCount":207,"commentCount":0,"image":{"@id":"https:\/\/warex.cz\/en\/aktuality\/backstage-news\/expansion-of-primary-school-capacity\/#primaryimage"},"thumbnailUrl":"https:\/\/warex.cz\/app\/uploads\/2022\/10\/skola.jpg","articleSection":["BACKSTAGE NEWS"],"inLanguage":"en-US","potentialAction":[{"@type":"CommentAction","name":"Comment","target":["https:\/\/warex.cz\/en\/aktuality\/backstage-news\/expansion-of-primary-school-capacity\/#respond"]}]},{"@type":"WebPage","@id":"https:\/\/warex.cz\/en\/aktuality\/backstage-news\/expansion-of-primary-school-capacity\/","url":"https:\/\/warex.cz\/en\/aktuality\/backstage-news\/expansion-of-primary-school-capacity\/","name":"Warex - Aktuality","isPartOf":{"@id":"https:\/\/warex.cz\/en\/#website"},"primaryImageOfPage":{"@id":"https:\/\/warex.cz\/en\/aktuality\/backstage-news\/expansion-of-primary-school-capacity\/#primaryimage"},"image":{"@id":"https:\/\/warex.cz\/en\/aktuality\/backstage-news\/expansion-of-primary-school-capacity\/#primaryimage"},"thumbnailUrl":"https:\/\/warex.cz\/app\/uploads\/2022\/10\/skola.jpg","datePublished":"2022-10-25T10:35:00+00:00","dateModified":"2022-11-29T11:37:48+00:00","author":{"@id":"https:\/\/warex.cz\/en\/#\/schema\/person\/9826157e7431ae05b463018d35a9b5ea"},"description":"We have expanded the capacity of the primary school in Prague Uh\u0159\u00edn\u011bvsi. The school consists of a combination of 28 modules.","breadcrumb":{"@id":"https:\/\/warex.cz\/en\/aktuality\/backstage-news\/expansion-of-primary-school-capacity\/#breadcrumb"},"inLanguage":"en-US","potentialAction":[{"@type":"ReadAction","target":["https:\/\/warex.cz\/en\/aktuality\/backstage-news\/expansion-of-primary-school-capacity\/"]}]},{"@type":"ImageObject","inLanguage":"en-US","@id":"https:\/\/warex.cz\/en\/aktuality\/backstage-news\/expansion-of-primary-school-capacity\/#primaryimage","url":"https:\/\/warex.cz\/app\/uploads\/2022\/10\/skola.jpg","contentUrl":"https:\/\/warex.cz\/app\/uploads\/2022\/10\/skola.jpg","width":1186,"height":739},{"@type":"BreadcrumbList","@id":"https:\/\/warex.cz\/en\/aktuality\/backstage-news\/expansion-of-primary-school-capacity\/#breadcrumb","itemListElement":[{"@type":"ListItem","position":1,"name":"Home","item":"https:\/\/warex.cz\/en\/"},{"@type":"ListItem","position":2,"name":"Expansion of primary school capacity"}]},{"@type":"WebSite","@id":"https:\/\/warex.cz\/en\/#website","url":"https:\/\/warex.cz\/en\/","name":"Warex","description":"Web spole\u010dnosti Warex","potentialAction":[{"@type":"SearchAction","target":{"@type":"EntryPoint","urlTemplate":"https:\/\/warex.cz\/en\/?s={search_term_string}"},"query-input":{"@type":"PropertyValueSpecification","valueRequired":true,"valueName":"search_term_string"}}],"inLanguage":"en-US"},{"@type":"Person","@id":"https:\/\/warex.cz\/en\/#\/schema\/person\/9826157e7431ae05b463018d35a9b5ea","name":"Miloslav Ju\u0159en","image":{"@type":"ImageObject","inLanguage":"en-US","@id":"https:\/\/warex.cz\/en\/#\/schema\/person\/image\/","url":"https:\/\/secure.gravatar.com\/avatar\/3d35f44e2eaeab2aad2e7d8c71c9e96a478e2aa11b67e10d48b562fe03f4fbc0?s=96&d=mm&r=g","contentUrl":"https:\/\/secure.gravatar.com\/avatar\/3d35f44e2eaeab2aad2e7d8c71c9e96a478e2aa11b67e10d48b562fe03f4fbc0?s=96&d=mm&r=g","caption":"Miloslav Ju\u0159en"},"sameAs":["https:\/\/warex.cz\/"],"url":"https:\/\/warex.cz\/en\/aktuality\/author\/miloslav\/"}]}},"_links":{"self":[{"href":"https:\/\/warex.cz\/en\/wp-json\/wp\/v2\/posts\/9157","targetHints":{"allow":["GET"]}}],"collection":[{"href":"https:\/\/warex.cz\/en\/wp-json\/wp\/v2\/posts"}],"about":[{"href":"https:\/\/warex.cz\/en\/wp-json\/wp\/v2\/types\/post"}],"author":[{"embeddable":true,"href":"https:\/\/warex.cz\/en\/wp-json\/wp\/v2\/users\/13"}],"replies":[{"embeddable":true,"href":"https:\/\/warex.cz\/en\/wp-json\/wp\/v2\/comments?post=9157"}],"version-history":[{"count":4,"href":"https:\/\/warex.cz\/en\/wp-json\/wp\/v2\/posts\/9157\/revisions"}],"predecessor-version":[{"id":9161,"href":"https:\/\/warex.cz\/en\/wp-json\/wp\/v2\/posts\/9157\/revisions\/9161"}],"wp:featuredmedia":[{"embeddable":true,"href":"https:\/\/warex.cz\/en\/wp-json\/wp\/v2\/media\/9050"}],"wp:attachment":[{"href":"https:\/\/warex.cz\/en\/wp-json\/wp\/v2\/media?parent=9157"}],"wp:term":[{"taxonomy":"category","embeddable":true,"href":"https:\/\/warex.cz\/en\/wp-json\/wp\/v2\/categories?post=9157"},{"taxonomy":"post_tag","embeddable":true,"href":"https:\/\/warex.cz\/en\/wp-json\/wp\/v2\/tags?post=9157"}],"curies":[{"name":"wp","href":"https:\/\/api.w.org\/{rel}","templated":true}]}}